{"id":2060,"date":"2019-01-05T09:43:00","date_gmt":"2019-01-05T09:43:00","guid":{"rendered":"https:\/\/kesfet.hepsiburada.com\/?p=2060"},"modified":"2019-01-05T09:43:00","modified_gmt":"2019-01-05T09:43:00","slug":"sonbahar-ve-kis-icin-parfum-secimi","status":"publish","type":"post","link":"https:\/\/www.hepsiburada.com\/hayatburada\/sonbahar-ve-kis-icin-parfum-secimi\/","title":{"rendered":"Sonbahar ve K\u0131\u015f \u0130\u00e7in Parf\u00fcm Se\u00e7imi"},"content":{"rendered":"<p>Parf\u00fcm se\u00e7imi hem kad\u0131n hem de erkekler i\u00e7in olduk\u00e7a zor. &#8220;Kal\u0131c\u0131 m\u0131, tenime yak\u0131\u015facak m\u0131, mevsime uygun mu, cilt tipim bu kokuya m\u00fcsait mi?&#8221; endi\u015felerini dindirecek genel bir cevap da maalesef bulunuyor. Parf\u00fcm se\u00e7iminde ki\u015fisel zevkler, cilt tipi, giyim tarz\u0131, istenen etki gibi pek \u00e7ok de\u011fi\u015fken rol oynuyor. Herkesin bir \u00f6nerisinin oldu\u011fu, ancak do\u011fru cevab\u0131n bulunamad\u0131\u011f\u0131 bu konuyu sizler i\u00e7in ayd\u0131nlat\u0131yoruz. Serin r\u00fczgarlar\u0131 \u00fczerimizde hissetti\u011fimiz g\u00fcnlerde hangi parf\u00fcmleri kullanmam\u0131z gerekti\u011fini ara\u015ft\u0131rd\u0131k. Hem kad\u0131n hem de erkekler i\u00e7in en iyi sonbahar k\u0131\u015f parf\u00fcmlerini yaz\u0131m\u0131zdan ilham alarak se\u00e7ebilirsiniz.<\/p>\n<h2><strong>&#8220;Parf\u00fcm\u00fcn Mevsimle Ne Alakas\u0131 Var?&#8221; Diyenlerdenseniz Bir Daha D\u00fc\u015f\u00fcn\u00fcn<\/strong><\/h2>\n<blockquote><p>K\u0131\u015f aylar\u0131nda odunsu, baharatl\u0131 ve egzotik kokular\u0131 tercih edebilirsiniz.<\/p><\/blockquote>\n<p><img decoding=\"async\" class=\"alignnone size-medium wp-image-2069 lazyload\" data-src=\"https:\/\/www.hepsiburada.com\/hayatburada\/wp-content\/uploads\/2018\/11\/odunsu-baharatli-ve-egzotik-kokular-800x533.jpg\" alt=\"\" width=\"800\" height=\"533\" src=\"data:image\/svg+xml;base64,PHN2ZyB3aWR0aD0iMSIgaGVpZ2h0PSIxIiB4bWxucz0iaHR0cDovL3d3dy53My5vcmcvMjAwMC9zdmciPjwvc3ZnPg==\" style=\"--smush-placeholder-width: 800px; --smush-placeholder-aspect-ratio: 800\/533;\" \/>Bir\u00e7ok ki\u015fi, d\u00f6rt mevsim ayn\u0131 kokuyu kullanma kolayl\u0131\u011f\u0131na ka\u00e7ar. Onlar i\u00e7in mevsimlere g\u00f6re parf\u00fcm de\u011fi\u015ftirmek zor olabilir, hatta imza niteli\u011findeki kokular\u0131n\u0131n zamans\u0131zl\u0131\u011f\u0131na inan\u0131rlar&#8230; Oysa kokular y\u0131llara meydan okuyan klasikler dahi olsa, mevsim \u015fartlar\u0131nda etkileri de\u011fi\u015febiliyor. Burnunuzun koku alma d\u00fczeyi, kokunun kal\u0131c\u0131l\u0131\u011f\u0131 ve etkisi hava s\u0131cakl\u0131\u011f\u0131na g\u00f6re farkl\u0131la\u015f\u0131yor. Uzmanlar, d\u00f6rt mevsim ayn\u0131 kokular\u0131 kullanman\u0131n parf\u00fcmden her an y\u00fcksek verim almak i\u00e7in uygun olmad\u0131\u011f\u0131n\u0131 belirtiyor.<\/p>\n<p>Yaz aylar\u0131nda s\u0131cak hava dolay\u0131s\u0131yla burun yorgun uyan\u0131yor. Bu nedenle koku alma hisleri zay\u0131fl\u0131yor. Kokuyu net alamayan kullan\u0131c\u0131lar, daha a\u011f\u0131r kokular se\u00e7meye meyilli oluyor. S\u0131cak co\u011frafyalarda daha a\u011f\u0131r ve baharatl\u0131 kokular\u0131n kullan\u0131lma sebebi uzmanlarca hem k\u00fclt\u00fcrel al\u0131\u015fkanl\u0131klar hem de burun yorgunlu\u011fu ile a\u00e7\u0131klan\u0131yor. Halbuki, yaz s\u0131caklar\u0131nda burnu rahatlatmak ve \u00e7evreyi rahats\u0131z etmemek i\u00e7in hafif kokular\u0131n tercih edilmesi gerekiyor. Sonbahar ve k\u0131\u015f aylar\u0131nda ise burun \u00e7ok daha rahat koku se\u00e7ebiliyor ve hava serin oldu\u011fu i\u00e7in a\u011f\u0131r kokular bile rahatl\u0131kla ta\u015f\u0131n\u0131yor. Koku ve mevsim ili\u015fkisini kurabilmek i\u00e7in yemek se\u00e7imlerinizi bile d\u00fc\u015f\u00fcnebilirsiniz. Yaz\u0131n men\u00fclerde yer alan yemeklerin daha az baharatl\u0131 ve hafif kokulu oldu\u011funu fark etti\u011finizde, kokunun mevsimlere g\u00f6re nas\u0131l de\u011fi\u015fti\u011fini de rahatl\u0131kla anlayabilirsiniz.<\/p>\n<p>Elbette mevsimlere ait \u00e7a\u011fr\u0131\u015f\u0131mlar da parf\u00fcm tasar\u0131mlar\u0131n\u0131 etkiliyor. Canl\u0131l\u0131\u011f\u0131, yeniden hayat bulmay\u0131 ve yaza haz\u0131rlanmay\u0131 ifade eden ilkbaharda a\u00e7an \u00e7i\u00e7ekler, bahar ve yaz parf\u00fcmlerinde de s\u0131kl\u0131kla kullan\u0131l\u0131yor. Hem canl\u0131l\u0131k verici hissi hem de bahar\u0131 an\u0131msatan kokusu ile floral esintiler daha \u00e7ok yazl\u0131k kokularda tercih ediliyor. \u00dcstelik a\u00e7\u0131k alanlarda s\u0131kl\u0131kla bulunuldu\u011fu i\u00e7in k\u0131smen sillage, yani ge\u00e7ilen yerde koku duyulma etkisinin y\u00fcksek olmas\u0131 ancak a\u011f\u0131rl\u0131k yaratmamas\u0131 yaz parf\u00fcmlerinden bekleniyor. Sonbahar ve k\u0131\u015f kokular\u0131nda ise canl\u0131l\u0131k ve ne\u015fe yerine daha karizmatik, otoriter ve romantik tarzlar \u00f6ne \u00e7\u0131k\u0131yor. Daha iddial\u0131 kokular\u0131n sahne ald\u0131\u011f\u0131 serin mevsimlerde odunsu, baharatl\u0131 ve egzotik olan yo\u011fun kokular\u0131 se\u00e7ebilirsiniz.<\/p>\n<h2><strong>Parf\u00fcm Se\u00e7erken Dikkat!<\/strong><\/h2>\n<blockquote><p>Parf\u00fcm\u00fc teninize s\u0131k\u0131n ve karar vermeden \u00f6nce en az 3 saat bekleyin!<\/p><\/blockquote>\n<p><img decoding=\"async\" class=\"alignnone size-medium wp-image-2070 lazyload\" data-src=\"https:\/\/www.hepsiburada.com\/hayatburada\/wp-content\/uploads\/2018\/11\/parfume-karar-vermeden-once-dinleyin-800x533.jpg\" alt=\"\" width=\"800\" height=\"533\" src=\"data:image\/svg+xml;base64,PHN2ZyB3aWR0aD0iMSIgaGVpZ2h0PSIxIiB4bWxucz0iaHR0cDovL3d3dy53My5vcmcvMjAwMC9zdmciPjwvc3ZnPg==\" style=\"--smush-placeholder-width: 800px; --smush-placeholder-aspect-ratio: 800\/533;\" \/>Mevsimlere uygun koku \u00f6nerilerine ge\u00e7meden \u00f6nce parf\u00fcm se\u00e7erken nelere dikkat etmeniz gerekti\u011finin alt\u0131n\u0131 \u00e7izmeliyiz. \u00d6nerileri do\u011fru uygulamak i\u00e7in bu ayr\u0131nt\u0131lara da ihtiya\u00e7 duyabilirsiniz. \u00d6ncelikle kokular\u0131 \u00f6\u011flen saatlerinde denemelisiniz. Burnunuzun uyand\u0131\u011f\u0131 ancak hen\u00fcz yorulmad\u0131\u011f\u0131 g\u00fcn ortas\u0131, kokuda en do\u011fru se\u00e7imi yapaca\u011f\u0131n\u0131z zaman dilimidir. Yeme al\u0131\u015fkanl\u0131klar\u0131n\u0131z\u0131n de\u011fi\u015fti\u011fi ve yo\u011fun baharat, sigara ve alkol kulland\u0131\u011f\u0131n\u0131z d\u00f6nemlerde koku se\u00e7imini ertelemeniz tavsiye ediliyor. Bu d\u00f6nemlerde ten kokunuz de\u011fi\u015fece\u011fi i\u00e7in parf\u00fcm\u00fcn de tende duru\u015fu de\u011fi\u015fiklik g\u00f6steriyor. Parf\u00fcmleri ba\u015fkas\u0131n\u0131n teninde be\u011fenip almamal\u0131, muhakkak kendi teninizde duymal\u0131s\u0131n\u0131z. Ayr\u0131ca cilt rengi de\u011fil, cilt tipi \u00fczerinden koku se\u00e7ebilirsiniz. Cildiniz ya\u011fl\u0131 ise hafif kokularda bile kolayl\u0131kla kal\u0131c\u0131 etki bulabilirsiniz. Kuru bir cilde sahipseniz daha yo\u011fun kokular tercih edebilirsiniz.<\/p>\n<p>Parf\u00fcm\u00fc teniniz \u00fczerinde denemeli, s\u0131kt\u0131ktan sonra bileklerinizi birbirinize s\u00fcrtmemelisiniz. Kokuyu \u00fczerinizde en az 3 saat boyunca g\u00f6zlemleyerek kokuyu deneyimlemelisiniz. Parf\u00fcm\u00fcn ilk s\u0131k\u0131ld\u0131\u011f\u0131 anda verdi\u011fi koku, \u00fcst notalardan (parf\u00fcm\u00fc olu\u015fturan bitkisel veya hayvansal esanslar\u0131n ilk duyumda hissedilenlerinden) geliyor. Zaman i\u00e7inde orta ve alt notalar ortaya \u00e7\u0131karak koku de\u011fi\u015fiyor. Parf\u00fcm\u00fcn kompozisyonunda genellikle onlarca \u00f6z, yani nota oldu\u011fu i\u00e7in saatler i\u00e7inde ortaya \u00e7\u0131kan kokular da farkl\u0131la\u015f\u0131yor ve ki\u015filerin tenindeki his de de\u011fi\u015fiyor. \u00d6rne\u011fin, \u00fcst notalar\u0131nda beyaz \u00e7i\u00e7ek kokular\u0131 hissedilen bir parf\u00fcm, orta notalarda tatl\u0131la\u015fabiliyor ve s\u0131ra alt notalara geldi\u011finde deniz esintisi ta\u015f\u0131yan yeni bir form alabiliyor. Kokunun s\u00fcrprizler vadeden yolculu\u011funa tam olarak tan\u0131k olmadan se\u00e7im yapmamal\u0131s\u0131n\u0131z. Grip oldu\u011funuz veya burnunuzun t\u0131kal\u0131 oldu\u011fu g\u00fcnler de parf\u00fcm se\u00e7imi i\u00e7in uygun bulunmuyor.<\/p>\n<h2><strong>Sonbahar ve K\u0131\u015f Aylar\u0131na En Uygun Kad\u0131n Parf\u00fcmleri<\/strong><\/h2>\n<p><img decoding=\"async\" class=\"alignnone size-medium wp-image-2068 lazyload\" data-src=\"https:\/\/www.hepsiburada.com\/hayatburada\/wp-content\/uploads\/2018\/11\/kis-aylarina-uygun-kadin-parfumleri-800x533.jpg\" alt=\"\" width=\"800\" height=\"533\" src=\"data:image\/svg+xml;base64,PHN2ZyB3aWR0aD0iMSIgaGVpZ2h0PSIxIiB4bWxucz0iaHR0cDovL3d3dy53My5vcmcvMjAwMC9zdmciPjwvc3ZnPg==\" style=\"--smush-placeholder-width: 800px; --smush-placeholder-aspect-ratio: 800\/533;\" \/>Her ne kadar esanslar\u0131n ve parf\u00fcmlerin asl\u0131nda cinsiyeti olmad\u0131\u011f\u0131 belirtilse de al\u0131\u015fkanl\u0131klar baz\u0131 kokular\u0131n kad\u0131nlara daha \u00e7ok yak\u0131\u015ft\u0131r\u0131lmas\u0131na neden oluyor. Markalar da do\u011fru al\u0131c\u0131ya daha kolay ula\u015fabilmek i\u00e7in parf\u00fcmleri cinsiyetler \u00fczerinden pazarl\u0131yor. K\u0131smen daha oryantal, baharatl\u0131 olan k\u0131\u015fl\u0131k kad\u0131n parf\u00fcmleri \u015fi\u015fe tasar\u0131m\u0131yla bile ay\u0131rt edilebiliyor. Yazl\u0131k parf\u00fcmlerin \u015fi\u015felerinde turuncu, sar\u0131 ve mavi gibi yaz\u0131 an\u0131msatan renkler kullan\u0131l\u0131rken k\u0131\u015fl\u0131k parf\u00fcmlerin \u015fi\u015felerinde daha romantik tonlar \u00f6ne \u00e7\u0131k\u0131yor. Bordo, k\u0131rm\u0131z\u0131, siyah, mor, gece mavisi gibi renkli parf\u00fcm \u015fi\u015feleri de ilk eleme i\u00e7in kolayl\u0131k sa\u011flayabiliyor.<\/p>\n<p>Sonbahar ve k\u0131\u015f i\u00e7in parf\u00fcm ar\u0131yorsan\u0131z mutlaka parf\u00fcm kompozisyonu i\u00e7inde hangi notalar oldu\u011funa bakmal\u0131s\u0131n\u0131z. Sonbahar ve k\u0131\u015f aylar\u0131na uygun kad\u0131n parf\u00fcmlerinin i\u00e7erisinde dark amber, misk, pa\u00e7uli, tar\u00e7\u0131n, zencefil, pembe biber, kahve, kakao \u00e7ekirde\u011fi, karamel, yan\u0131k \u015feker, tonka fasulyesi, \u015fipre, y\u0131ld\u0131z anason, vanilya ve sandal a\u011fac\u0131 bulunabiliyor. Hem feminen hem de yo\u011fun etki b\u0131rakan bu esanslar\u0131n aras\u0131nda yazl\u0131k \u00e7i\u00e7ek \u00f6zleri de az say\u0131da g\u00f6r\u00fclebiliyor.<\/p>\n<h2><strong>Serin Havalarda Kullan\u0131labilecek En \u0130yi Erkek Parf\u00fcmleri<\/strong><\/h2>\n<p><img decoding=\"async\" class=\"alignnone size-medium wp-image-2071 lazyload\" data-src=\"https:\/\/www.hepsiburada.com\/hayatburada\/wp-content\/uploads\/2018\/11\/serin-havalarda-erkek-parfumleri-800x532.jpg\" alt=\"\" width=\"800\" height=\"532\" src=\"data:image\/svg+xml;base64,PHN2ZyB3aWR0aD0iMSIgaGVpZ2h0PSIxIiB4bWxucz0iaHR0cDovL3d3dy53My5vcmcvMjAwMC9zdmciPjwvc3ZnPg==\" style=\"--smush-placeholder-width: 800px; --smush-placeholder-aspect-ratio: 800\/532;\" \/>K\u0131\u015fl\u0131k erkek parf\u00fcmleri karizmatik etkileri ile hemen fark ediliyor. Yazl\u0131k erkek kokular\u0131nda daha macerac\u0131 bir ruh sezilirken k\u0131\u015f\u0131n romantizmi kokulara da yans\u0131yor. Beyler i\u00e7in tasarlanan sonbahar ve k\u0131\u015f kokular\u0131n\u0131n i\u00e7inde \u00e7o\u011funlukla safran, vetiver, pa\u00e7uli, oud \u00e7e\u015fitleri, amber t\u00fcrevleri, m\u00fcr, ki\u015fni\u015f, biber, deri, benzoin, kakule, oris k\u00f6k\u00fc, sandal a\u011fac\u0131, iris, t\u00fct\u00fcn, rom ve tonka fasulyesi bulunuyor.<\/p>\n<p>Erkek parf\u00fcmlerinin k\u0131\u015fl\u0131k tasar\u0131mlar\u0131nda \u015fi\u015felerde genellikle koyu renklere rastlan\u0131yor. Odunsu ve oryantal temalar dikkat \u00e7ekiyor. Yo\u011fun etkileri sebebiyle haf\u0131zalarda yer eden kokular\u0131n klasikle\u015fti\u011fi de biliniyor. Genellikle parf\u00fcmler bir klasik haline geldi\u011finde k\u0131sa s\u00fcreli yazl\u0131k edisyonlarla \u00e7e\u015fitleniyor. Sonbahar ve k\u0131\u015f i\u00e7in \u00f6zel haz\u0131rlanan parf\u00fcmler ise y\u0131llar boyu raflarda kendine yer bulabiliyor. Bir parf\u00fcm\u00fcn k\u0131\u015fl\u0131k olmas\u0131 i\u00e7in t\u00fcm notalar\u0131n\u0131n k\u0131\u015fl\u0131k olmas\u0131 gerekmiyor. Hem koklad\u0131\u011f\u0131n\u0131zda hissetti\u011finiz etkiyi hem yo\u011funlu\u011fu hem de kokunun i\u00e7eri\u011findeki notalar\u0131 baz alarak do\u011fru parf\u00fcme ula\u015fabilirsiniz.<\/p>\n<h2><strong>2019 Y\u0131l\u0131n\u0131n Sonbahar \/ K\u0131\u015f Parf\u00fcm Modas\u0131<\/strong><\/h2>\n<p><img decoding=\"async\" class=\"alignnone size-medium wp-image-2067 lazyload\" data-src=\"https:\/\/www.hepsiburada.com\/hayatburada\/wp-content\/uploads\/2018\/11\/2018-kis-parfum-modasi-800x533.jpg\" alt=\"\" width=\"800\" height=\"533\" src=\"data:image\/svg+xml;base64,PHN2ZyB3aWR0aD0iMSIgaGVpZ2h0PSIxIiB4bWxucz0iaHR0cDovL3d3dy53My5vcmcvMjAwMC9zdmciPjwvc3ZnPg==\" style=\"--smush-placeholder-width: 800px; --smush-placeholder-aspect-ratio: 800\/533;\" \/><\/p>\n<blockquote><p>Y\u00fckselen androjen trend, unisex parf\u00fcmleri sahneye \u00e7\u0131kar\u0131yor.<\/p><\/blockquote>\n<p>2019 &#8211; 2020 Sonbahar \/ K\u0131\u015f parf\u00fcm modas\u0131nda duyusal kokular \u00f6n plana \u00e7\u0131k\u0131yor. Daha di\u015fi kokular kad\u0131n parf\u00fcmlerini renklendirirken erkek kokular\u0131nda ise daha mask\u00fclen imzalar yer al\u0131yor. En bilinen parf\u00fcmevlerinin 2019 &#8211; 2020 Sonbahar \/ K\u0131\u015f tasar\u0131mlar\u0131nda aromatik, odunsu ve baharatl\u0131 notalar kadar yaz esintisini hat\u0131rlatacak beyaz \u00e7i\u00e7ekler de yer ediyor. Beyaz \u00e7i\u00e7ekler hafif etkisini kal\u0131c\u0131 odunsu notalarla tamaml\u0131yor. Son y\u0131llarda y\u00fckselen androjen ak\u0131m, unisex kokular\u0131n da art\u0131\u015f\u0131n\u0131 i\u015faret ediyor. Hem kad\u0131n hem de erkeklerin kullan\u0131m\u0131na sunulan k\u0131\u015f kokular\u0131na rastlayabilirsiniz. Cinsiyetsiz kokular da feminen veya mask\u00fclen bir imaj ile de\u011fil, karizmatik etkiyle \u00f6n plana \u00e7\u0131k\u0131yor. Klasikler y\u0131llarla birlikte de\u011ferlerine de\u011fer kat\u0131yor. Modas\u0131 ge\u00e7meyen ikonik parf\u00fcmleri tercih ederek k\u0131\u015f i\u00e7in risksiz bir se\u00e7im yapabilirsiniz. Siz de en iyi Sonbahar \/ K\u0131\u015f <a href=\"https:\/\/www.hepsiburada.com\/parfumler-c-341406\">parf\u00fcm<\/a> \u00fcr\u00fcnleri i\u00e7in Hepsiburada&#8217;y\u0131 tercih edebilirsiniz.<\/p>\n","protected":false},"excerpt":{"rendered":"<p>Parf\u00fcm se\u00e7imi hem kad\u0131n hem de erkekler i\u00e7in olduk\u00e7a zor. &#8220;Kal\u0131c\u0131 m\u0131, tenime yak\u0131\u015facak m\u0131, mevsime uygun mu, cilt tipim [&hellip;]<\/p>\n","protected":false},"author":0,"featured_media":2072,"comment_status":"closed","ping_status":"open","sticky":false,"template":"","format":"standard","meta":{"footnotes":""},"categories":[153],"tags":[],"class_list":["post-2060","post","type-post","status-publish","format-standard","has-post-thumbnail","hentry","category-guzellik-bakim"],"yoast_head":"<!-- This site is optimized with the Yoast SEO Premium plugin v26.8 (Yoast SEO v27.5) - https:\/\/yoast.com\/product\/yoast-seo-premium-wordpress\/ -->\n<title>Sonbahar ve K\u0131\u015f \u0130\u00e7in Parf\u00fcm Se\u00e7imi - Hayatburada<\/title>\n<meta name=\"robots\" content=\"index, follow, max-snippet:-1, max-image-preview:large, max-video-preview:-1\" \/>\n<link rel=\"canonical\" href=\"https:\/\/www.hepsiburada.com\/hayatburada\/sonbahar-ve-kis-icin-parfum-secimi\/\" \/>\n<meta property=\"og:locale\" content=\"tr_TR\" \/>\n<meta property=\"og:type\" content=\"article\" \/>\n<meta property=\"og:title\" content=\"Sonbahar ve K\u0131\u015f \u0130\u00e7in Parf\u00fcm Se\u00e7imi\" \/>\n<meta property=\"og:description\" content=\"Parf\u00fcm se\u00e7imi hem kad\u0131n hem de erkekler i\u00e7in olduk\u00e7a zor. &quot;Kal\u0131c\u0131 m\u0131, tenime yak\u0131\u015facak m\u0131, mevsime uygun mu, cilt tipim bu kokuya m\u00fcsait mi?&quot; endi\u015felerini\" \/>\n<meta property=\"og:url\" content=\"https:\/\/www.hepsiburada.com\/hayatburada\/sonbahar-ve-kis-icin-parfum-secimi\/\" \/>\n<meta property=\"og:site_name\" content=\"Hayatburada\" \/>\n<meta property=\"article:published_time\" content=\"2019-01-05T09:43:00+00:00\" \/>\n<meta property=\"og:image\" content=\"https:\/\/www.hepsiburada.com\/hayatburada\/wp-content\/uploads\/2018\/11\/sonbahar-ve-kis-icin-prfum-secimleri.jpeg\" \/>\n\t<meta property=\"og:image:width\" content=\"1880\" \/>\n\t<meta property=\"og:image:height\" content=\"1253\" \/>\n\t<meta property=\"og:image:type\" content=\"image\/jpeg\" \/>\n<meta name=\"twitter:card\" content=\"summary_large_image\" \/>\n<meta name=\"twitter:label1\" content=\"Tahmini okuma s\u00fcresi\" \/>\n\t<meta name=\"twitter:data1\" content=\"7 dakika\" \/>\n<script type=\"application\/ld+json\" class=\"yoast-schema-graph\">{\"@context\":\"https:\\\/\\\/schema.org\",\"@graph\":[{\"@type\":\"Article\",\"@id\":\"https:\\\/\\\/www.hepsiburada.com\\\/hayatburada\\\/sonbahar-ve-kis-icin-parfum-secimi\\\/#article\",\"isPartOf\":{\"@id\":\"https:\\\/\\\/www.hepsiburada.com\\\/hayatburada\\\/sonbahar-ve-kis-icin-parfum-secimi\\\/\"},\"author\":{\"name\":\"\",\"@id\":\"\"},\"headline\":\"Sonbahar ve K\u0131\u015f \u0130\u00e7in Parf\u00fcm Se\u00e7imi\",\"datePublished\":\"2019-01-05T09:43:00+00:00\",\"mainEntityOfPage\":{\"@id\":\"https:\\\/\\\/www.hepsiburada.com\\\/hayatburada\\\/sonbahar-ve-kis-icin-parfum-secimi\\\/\"},\"wordCount\":1502,\"image\":{\"@id\":\"https:\\\/\\\/www.hepsiburada.com\\\/hayatburada\\\/sonbahar-ve-kis-icin-parfum-secimi\\\/#primaryimage\"},\"thumbnailUrl\":\"https:\\\/\\\/www.hepsiburada.com\\\/hayatburada\\\/wp-content\\\/uploads\\\/2018\\\/11\\\/sonbahar-ve-kis-icin-prfum-secimleri.jpeg\",\"articleSection\":[\"G\u00fczellik &amp; Bak\u0131m\"],\"inLanguage\":\"tr\"},{\"@type\":\"WebPage\",\"@id\":\"https:\\\/\\\/www.hepsiburada.com\\\/hayatburada\\\/sonbahar-ve-kis-icin-parfum-secimi\\\/\",\"url\":\"https:\\\/\\\/www.hepsiburada.com\\\/hayatburada\\\/sonbahar-ve-kis-icin-parfum-secimi\\\/\",\"name\":\"Sonbahar ve K\u0131\u015f \u0130\u00e7in Parf\u00fcm Se\u00e7imi - Hayatburada\",\"isPartOf\":{\"@id\":\"https:\\\/\\\/www.hepsiburada.com\\\/hayatburada\\\/#website\"},\"primaryImageOfPage\":{\"@id\":\"https:\\\/\\\/www.hepsiburada.com\\\/hayatburada\\\/sonbahar-ve-kis-icin-parfum-secimi\\\/#primaryimage\"},\"image\":{\"@id\":\"https:\\\/\\\/www.hepsiburada.com\\\/hayatburada\\\/sonbahar-ve-kis-icin-parfum-secimi\\\/#primaryimage\"},\"thumbnailUrl\":\"https:\\\/\\\/www.hepsiburada.com\\\/hayatburada\\\/wp-content\\\/uploads\\\/2018\\\/11\\\/sonbahar-ve-kis-icin-prfum-secimleri.jpeg\",\"datePublished\":\"2019-01-05T09:43:00+00:00\",\"author\":{\"@id\":\"\"},\"breadcrumb\":{\"@id\":\"https:\\\/\\\/www.hepsiburada.com\\\/hayatburada\\\/sonbahar-ve-kis-icin-parfum-secimi\\\/#breadcrumb\"},\"inLanguage\":\"tr\",\"potentialAction\":[{\"@type\":\"ReadAction\",\"target\":[\"https:\\\/\\\/www.hepsiburada.com\\\/hayatburada\\\/sonbahar-ve-kis-icin-parfum-secimi\\\/\"]}]},{\"@type\":\"ImageObject\",\"inLanguage\":\"tr\",\"@id\":\"https:\\\/\\\/www.hepsiburada.com\\\/hayatburada\\\/sonbahar-ve-kis-icin-parfum-secimi\\\/#primaryimage\",\"url\":\"https:\\\/\\\/www.hepsiburada.com\\\/hayatburada\\\/wp-content\\\/uploads\\\/2018\\\/11\\\/sonbahar-ve-kis-icin-prfum-secimleri.jpeg\",\"contentUrl\":\"https:\\\/\\\/www.hepsiburada.com\\\/hayatburada\\\/wp-content\\\/uploads\\\/2018\\\/11\\\/sonbahar-ve-kis-icin-prfum-secimleri.jpeg\",\"width\":1880,\"height\":1253},{\"@type\":\"BreadcrumbList\",\"@id\":\"https:\\\/\\\/www.hepsiburada.com\\\/hayatburada\\\/sonbahar-ve-kis-icin-parfum-secimi\\\/#breadcrumb\",\"itemListElement\":[{\"@type\":\"ListItem\",\"position\":1,\"name\":\"Anasayfa\",\"item\":\"https:\\\/\\\/www.hepsiburada.com\\\/hayatburada\\\/\"},{\"@type\":\"ListItem\",\"position\":2,\"name\":\"Sonbahar ve K\u0131\u015f \u0130\u00e7in Parf\u00fcm Se\u00e7imi\"}]},{\"@type\":\"WebSite\",\"@id\":\"https:\\\/\\\/www.hepsiburada.com\\\/hayatburada\\\/#website\",\"url\":\"https:\\\/\\\/www.hepsiburada.com\\\/hayatburada\\\/\",\"name\":\"Hayatburada\",\"description\":\"\",\"potentialAction\":[{\"@type\":\"SearchAction\",\"target\":{\"@type\":\"EntryPoint\",\"urlTemplate\":\"https:\\\/\\\/www.hepsiburada.com\\\/hayatburada\\\/?s={search_term_string}\"},\"query-input\":{\"@type\":\"PropertyValueSpecification\",\"valueRequired\":true,\"valueName\":\"search_term_string\"}}],\"inLanguage\":\"tr\"}]}<\/script>\n<!-- \/ Yoast SEO Premium plugin. -->","yoast_head_json":{"title":"Sonbahar ve K\u0131\u015f \u0130\u00e7in Parf\u00fcm Se\u00e7imi - Hayatburada","robots":{"index":"index","follow":"follow","max-snippet":"max-snippet:-1","max-image-preview":"max-image-preview:large","max-video-preview":"max-video-preview:-1"},"canonical":"https:\/\/www.hepsiburada.com\/hayatburada\/sonbahar-ve-kis-icin-parfum-secimi\/","og_locale":"tr_TR","og_type":"article","og_title":"Sonbahar ve K\u0131\u015f \u0130\u00e7in Parf\u00fcm Se\u00e7imi","og_description":"Parf\u00fcm se\u00e7imi hem kad\u0131n hem de erkekler i\u00e7in olduk\u00e7a zor. \"Kal\u0131c\u0131 m\u0131, tenime yak\u0131\u015facak m\u0131, mevsime uygun mu, cilt tipim bu kokuya m\u00fcsait mi?\" endi\u015felerini","og_url":"https:\/\/www.hepsiburada.com\/hayatburada\/sonbahar-ve-kis-icin-parfum-secimi\/","og_site_name":"Hayatburada","article_published_time":"2019-01-05T09:43:00+00:00","og_image":[{"width":1880,"height":1253,"url":"https:\/\/www.hepsiburada.com\/hayatburada\/wp-content\/uploads\/2018\/11\/sonbahar-ve-kis-icin-prfum-secimleri.jpeg","type":"image\/jpeg"}],"twitter_card":"summary_large_image","twitter_misc":{"Tahmini okuma s\u00fcresi":"7 dakika"},"schema":{"@context":"https:\/\/schema.org","@graph":[{"@type":"Article","@id":"https:\/\/www.hepsiburada.com\/hayatburada\/sonbahar-ve-kis-icin-parfum-secimi\/#article","isPartOf":{"@id":"https:\/\/www.hepsiburada.com\/hayatburada\/sonbahar-ve-kis-icin-parfum-secimi\/"},"author":{"name":"","@id":""},"headline":"Sonbahar ve K\u0131\u015f \u0130\u00e7in Parf\u00fcm Se\u00e7imi","datePublished":"2019-01-05T09:43:00+00:00","mainEntityOfPage":{"@id":"https:\/\/www.hepsiburada.com\/hayatburada\/sonbahar-ve-kis-icin-parfum-secimi\/"},"wordCount":1502,"image":{"@id":"https:\/\/www.hepsiburada.com\/hayatburada\/sonbahar-ve-kis-icin-parfum-secimi\/#primaryimage"},"thumbnailUrl":"https:\/\/www.hepsiburada.com\/hayatburada\/wp-content\/uploads\/2018\/11\/sonbahar-ve-kis-icin-prfum-secimleri.jpeg","articleSection":["G\u00fczellik &amp; Bak\u0131m"],"inLanguage":"tr"},{"@type":"WebPage","@id":"https:\/\/www.hepsiburada.com\/hayatburada\/sonbahar-ve-kis-icin-parfum-secimi\/","url":"https:\/\/www.hepsiburada.com\/hayatburada\/sonbahar-ve-kis-icin-parfum-secimi\/","name":"Sonbahar ve K\u0131\u015f \u0130\u00e7in Parf\u00fcm Se\u00e7imi - Hayatburada","isPartOf":{"@id":"https:\/\/www.hepsiburada.com\/hayatburada\/#website"},"primaryImageOfPage":{"@id":"https:\/\/www.hepsiburada.com\/hayatburada\/sonbahar-ve-kis-icin-parfum-secimi\/#primaryimage"},"image":{"@id":"https:\/\/www.hepsiburada.com\/hayatburada\/sonbahar-ve-kis-icin-parfum-secimi\/#primaryimage"},"thumbnailUrl":"https:\/\/www.hepsiburada.com\/hayatburada\/wp-content\/uploads\/2018\/11\/sonbahar-ve-kis-icin-prfum-secimleri.jpeg","datePublished":"2019-01-05T09:43:00+00:00","author":{"@id":""},"breadcrumb":{"@id":"https:\/\/www.hepsiburada.com\/hayatburada\/sonbahar-ve-kis-icin-parfum-secimi\/#breadcrumb"},"inLanguage":"tr","potentialAction":[{"@type":"ReadAction","target":["https:\/\/www.hepsiburada.com\/hayatburada\/sonbahar-ve-kis-icin-parfum-secimi\/"]}]},{"@type":"ImageObject","inLanguage":"tr","@id":"https:\/\/www.hepsiburada.com\/hayatburada\/sonbahar-ve-kis-icin-parfum-secimi\/#primaryimage","url":"https:\/\/www.hepsiburada.com\/hayatburada\/wp-content\/uploads\/2018\/11\/sonbahar-ve-kis-icin-prfum-secimleri.jpeg","contentUrl":"https:\/\/www.hepsiburada.com\/hayatburada\/wp-content\/uploads\/2018\/11\/sonbahar-ve-kis-icin-prfum-secimleri.jpeg","width":1880,"height":1253},{"@type":"BreadcrumbList","@id":"https:\/\/www.hepsiburada.com\/hayatburada\/sonbahar-ve-kis-icin-parfum-secimi\/#breadcrumb","itemListElement":[{"@type":"ListItem","position":1,"name":"Anasayfa","item":"https:\/\/www.hepsiburada.com\/hayatburada\/"},{"@type":"ListItem","position":2,"name":"Sonbahar ve K\u0131\u015f \u0130\u00e7in Parf\u00fcm Se\u00e7imi"}]},{"@type":"WebSite","@id":"https:\/\/www.hepsiburada.com\/hayatburada\/#website","url":"https:\/\/www.hepsiburada.com\/hayatburada\/","name":"Hayatburada","description":"","potentialAction":[{"@type":"SearchAction","target":{"@type":"EntryPoint","urlTemplate":"https:\/\/www.hepsiburada.com\/hayatburada\/?s={search_term_string}"},"query-input":{"@type":"PropertyValueSpecification","valueRequired":true,"valueName":"search_term_string"}}],"inLanguage":"tr"}]}},"_links":{"self":[{"href":"https:\/\/www.hepsiburada.com\/hayatburada\/wp-json\/wp\/v2\/posts\/2060","targetHints":{"allow":["GET"]}}],"collection":[{"href":"https:\/\/www.hepsiburada.com\/hayatburada\/wp-json\/wp\/v2\/posts"}],"about":[{"href":"https:\/\/www.hepsiburada.com\/hayatburada\/wp-json\/wp\/v2\/types\/post"}],"replies":[{"embeddable":true,"href":"https:\/\/www.hepsiburada.com\/hayatburada\/wp-json\/wp\/v2\/comments?post=2060"}],"version-history":[{"count":0,"href":"https:\/\/www.hepsiburada.com\/hayatburada\/wp-json\/wp\/v2\/posts\/2060\/revisions"}],"wp:featuredmedia":[{"embeddable":true,"href":"https:\/\/www.hepsiburada.com\/hayatburada\/wp-json\/wp\/v2\/media\/2072"}],"wp:attachment":[{"href":"https:\/\/www.hepsiburada.com\/hayatburada\/wp-json\/wp\/v2\/media?parent=2060"}],"wp:term":[{"taxonomy":"category","embeddable":true,"href":"https:\/\/www.hepsiburada.com\/hayatburada\/wp-json\/wp\/v2\/categories?post=2060"},{"taxonomy":"post_tag","embeddable":true,"href":"https:\/\/www.hepsiburada.com\/hayatburada\/wp-json\/wp\/v2\/tags?post=2060"}],"curies":[{"name":"wp","href":"https:\/\/api.w.org\/{rel}","templated":true}]}}