{"id":21705,"date":"2021-03-01T03:11:49","date_gmt":"2021-03-01T03:11:49","guid":{"rendered":"https:\/\/www.hepsiburada.com\/kesfet\/?p=21705"},"modified":"2021-03-01T03:11:49","modified_gmt":"2021-03-01T03:11:49","slug":"moda-dunyasina-damgasini-vuran-turk-markalar","status":"publish","type":"post","link":"https:\/\/www.hepsiburada.com\/hayatburada\/moda-dunyasina-damgasini-vuran-turk-markalar\/","title":{"rendered":"Moda d\u00fcnyas\u0131na damgas\u0131n\u0131 vuran T\u00fcrk markalar"},"content":{"rendered":"<p>Hareketli, dinamik, enerjik&#8230; Moda d\u00fcnyas\u0131 asla yerinde durmuyor ve \u00fcretime, tasarlamaya, yarat\u0131c\u0131l\u0131\u011f\u0131n\u0131 g\u00f6stermeye devam ediyor. Bu konuda akla sadece yabanc\u0131 markalar gelmesin; \u00e7\u00fcnk\u00fc T\u00fcrk markalar i\u00e7inden de moda d\u00fcnyas\u0131na iz b\u0131rakanlar, damga vuranlar yer al\u0131yor.<\/p>\n<p><span style=\"font-weight: 400;\">Latince hemen, \u015fimdi anlam\u0131na gelen \u201cmodo\u2019dan\u201d t\u00fcretilmi\u015f, giyim ve ya\u015fam bi\u00e7imi anlam\u0131na gelen bir kelime. Akl\u0131m\u0131za ilk gelen giyim, ku\u015fam; fakat bu kadar dar bir \u00e7er\u00e7eveyle s\u0131n\u0131rl\u0131 de\u011fil. Hayat\u0131m\u0131z\u0131n her an\u0131nda kar\u015f\u0131m\u0131za \u00e7\u0131kan bir sanat dal\u0131. Bu \u00f6yle bir sanat ki, ya\u015fam\u0131m\u0131z\u0131n temel ihtiyac\u0131 aras\u0131nda olmasa da kendimizi, bizi di\u011ferlerinden ay\u0131ran \u015feyi, yaratmam\u0131z i\u00e7in bir gereklilik.\u00a0<\/span><\/p>\n<p><span style=\"font-weight: 400;\">G\u00fcn\u00fcm\u00fczde fark yaratmak art\u0131 bir de\u011fer. Fark yaratman\u0131n en temel yolu da size ait olan, sizi siz yapan biricik \u015feyin g\u00f6sterilmesinden ge\u00e7iyor. \u0130\u015fte moda da tam olarak sizi siz yapan g\u00f6r\u00fcn\u00fcm\u00fc yakalaman\u0131z i\u00e7in devreye giriyor.<\/span><\/p>\n<h4><img decoding=\"async\" class=\"alignnone wp-image-21709 lazyload\" data-src=\"https:\/\/www.hepsiburada.com\/hayatburada\/wp-content\/uploads\/2021\/03\/shutterstock_786523177-800x534.jpg\" alt=\"moda\" width=\"605\" height=\"404\" src=\"data:image\/svg+xml;base64,PHN2ZyB3aWR0aD0iMSIgaGVpZ2h0PSIxIiB4bWxucz0iaHR0cDovL3d3dy53My5vcmcvMjAwMC9zdmciPjwvc3ZnPg==\" style=\"--smush-placeholder-width: 605px; --smush-placeholder-aspect-ratio: 605\/404;\" \/><br \/>\n<b>Modan\u0131n h\u0131zl\u0131 tarihi<\/b><\/h4>\n<ul>\n<li style=\"font-weight: 400;\"><span style=\"font-weight: 400;\">1892\u2019de yay\u0131n hayat\u0131na ba\u015flayan Vogue, sosyete dergisi olarak Amerika\u2019da do\u011far ve k\u0131sa zamanda bir moda dergisi olarak ad\u0131n\u0131 d\u00fcnyaya tan\u0131t\u0131r.<\/span><\/li>\n<li style=\"font-weight: 400;\"><span style=\"font-weight: 400;\">Tarihin ilk moda tasar\u0131mc\u0131s\u0131 \u0130ngiliz Charles Frederick Worth\u2019tur. Hem haute couture\u2019un babas\u0131 hem de k\u0131yafetlerine marka etiketini ilk koyan isim olan Worth, her y\u0131l d\u00f6rt defile d\u00fczenlemi\u015f.<\/span><\/li>\n<li style=\"font-weight: 400;\"><span style=\"font-weight: 400;\">8 milyar dolar\u0131 ge\u00e7en geliriyle George Armani d\u00fcnyan\u0131n en \u00e7ok kazanan marka.<\/span><\/li>\n<li style=\"font-weight: 400;\"><span style=\"font-weight: 400;\">Coco Chanel, kad\u0131n moda d\u00fcnyas\u0131nda ilk pantolonu kullanan tasar\u0131mc\u0131.\u00a0<\/span><\/li>\n<li style=\"font-weight: 400;\"><span style=\"font-weight: 400;\">New York \u201cmoda haftas\u0131\u201d gelene\u011fini ba\u015flatan ilk \u015fehir.\u00a0\u00a0\u00a0\u00a0<\/span><\/li>\n<\/ul>\n<h4><img decoding=\"async\" class=\"alignnone wp-image-21707 lazyload\" data-src=\"https:\/\/www.hepsiburada.com\/hayatburada\/wp-content\/uploads\/2021\/03\/shutterstock_247564159-800x534.jpg\" alt=\"moda\" width=\"628\" height=\"419\" src=\"data:image\/svg+xml;base64,PHN2ZyB3aWR0aD0iMSIgaGVpZ2h0PSIxIiB4bWxucz0iaHR0cDovL3d3dy53My5vcmcvMjAwMC9zdmciPjwvc3ZnPg==\" style=\"--smush-placeholder-width: 628px; --smush-placeholder-aspect-ratio: 628\/419;\" \/><br \/>\n<b>T\u00fcrk moda tasar\u0131mc\u0131lar\u0131 ve markalar\u0131\u00a0<\/b><\/h4>\n<p><span style=\"font-weight: 400;\">K\u0131yas\u0131ya rekabetin ve k\u0131ran k\u0131rana sava\u015f\u0131n oldu\u011fu bu d\u00fcnyada d\u00fc\u015fleyen ve d\u00fc\u015fledi\u011fiyle kalmay\u0131p harekete ge\u00e7en bir\u00e7ok T\u00fcrk moda tasar\u0131mc\u0131s\u0131 da yer al\u0131yor. O halde isimleriyle markala\u015fm\u0131\u015f bu d\u00fcnyaca \u00fcnl\u00fc T\u00fcrk tasar\u0131mc\u0131lar\u0131na yak\u0131ndan bakal\u0131m&#8230;<\/span><\/p>\n<h4><b>Cemil \u0130pek\u00e7i<\/b><\/h4>\n<p><span style=\"font-weight: 400;\">Bu isim sizi pek \u015fa\u015f\u0131rtmam\u0131\u015f olsa gerek. T\u00fcrkiye\u2019yi temsil eden Cemil \u0130pek\u00e7i\u2019ye \u00fclkemizin ya\u015fayan en \u00fcnl\u00fc modac\u0131s\u0131 diyebiliriz. Tasar\u0131mlar\u0131nda Osmanl\u0131 motiflerini s\u0131k\u00e7a g\u00f6rd\u00fc\u011f\u00fcm\u00fcz sanat\u00e7\u0131ya ayn\u0131 zamanda bir k\u00fclt\u00fcr temsilcisi demek yanl\u0131\u015f olmayacakt\u0131r. Cemil \u0130pek\u00e7i bir defilesi i\u00e7in kurdu\u011fu 2 kilometreyi a\u015fan podyumla ismini D\u00fcnya Rekorlar Kitab\u0131\u2019na yazd\u0131rm\u0131\u015ft\u0131r.\u00a0<\/span><\/p>\n<h4><img decoding=\"async\" class=\"alignnone wp-image-21710 lazyload\" data-src=\"https:\/\/www.hepsiburada.com\/hayatburada\/wp-content\/uploads\/2021\/03\/shutterstock_1568337706-800x450.jpg\" alt=\"moda\" width=\"628\" height=\"353\" src=\"data:image\/svg+xml;base64,PHN2ZyB3aWR0aD0iMSIgaGVpZ2h0PSIxIiB4bWxucz0iaHR0cDovL3d3dy53My5vcmcvMjAwMC9zdmciPjwvc3ZnPg==\" style=\"--smush-placeholder-width: 628px; --smush-placeholder-aspect-ratio: 628\/353;\" \/><br \/>\n<b>Ra\u015fit Ba\u011fz\u0131ba\u011fl\u0131\/Rashid\u00a0\u00a0\u00a0\u00a0\u00a0\u00a0\u00a0\u00a0<\/b><\/h4>\n<p><span style=\"font-weight: 400;\">12 ya\u015f\u0131ndan beri bu yola ba\u015f koyan Ba\u011fz\u0131ba\u011fl\u0131, \u201cY\u0131l\u0131n En Gen\u00e7 Tasar\u0131mc\u0131s\u0131\u201d ve New York Face of Fashion yar\u0131\u015fmas\u0131nda \u201cEn \u0130yi Umut Veren Gen\u00e7 Tasar\u0131mc\u0131\u201d \u00f6d\u00fcl\u00fcne sahip. Kariyerine toplad\u0131\u011f\u0131 \u00f6d\u00fcllerle devam eden Ra\u015fit Ba\u011fz\u0131ba\u011fl\u0131, 2015 y\u0131l\u0131ndan beri \u0130stanbul Moda Haftas\u0131\u2019nda g\u00f6r\u00fcc\u00fcye \u00e7\u0131kard\u0131\u011f\u0131 koleksiyonlar\u0131yla da ilgi \u00e7ekiyor. Sanat\u00e7\u0131 2017 y\u0131l\u0131ndan beri kendi markas\u0131n\u0131 yaratm\u0131\u015f durumda; Rashid.\u00a0\u00a0<\/span><\/p>\n<h4><b>Selma \u00c7ilek<\/b><\/h4>\n<p><span style=\"font-weight: 400;\">Ald\u0131\u011f\u0131 i\u015fletme e\u011fitimi onu pek tatmin etmemi\u015f olacak ki Milano\u2019da moda e\u011fitimi alan Selma \u00c7ilek, modernizmi ve feminizmi yan yana getiren koleksiyonlar\u0131yla olduk\u00e7a ilgi \u00e7ekiyor. Sanat\u00e7\u0131 neredeyse iyi bir falc\u0131 gibi isabetli tahminleriyle bu d\u00fcnyan\u0131n y\u00f6n\u00fcn\u00fc \u00f6nceden kestirebiliyor ve bu \u00f6zeli\u011fiyle de kendine hayran b\u0131rak\u0131yor. Sanat\u00e7\u0131n\u0131n kendi ismiyle yaratt\u0131\u011f\u0131 bir markas\u0131 da var.<\/span><\/p>\n<h4><span style=\"font-weight: 400;\"><br \/>\n<\/span><img decoding=\"async\" class=\"alignnone wp-image-21711 lazyload\" data-src=\"https:\/\/www.hepsiburada.com\/hayatburada\/wp-content\/uploads\/2021\/03\/shutterstock_1658658217-800x534.jpg\" alt=\"moda\" width=\"628\" height=\"419\" src=\"data:image\/svg+xml;base64,PHN2ZyB3aWR0aD0iMSIgaGVpZ2h0PSIxIiB4bWxucz0iaHR0cDovL3d3dy53My5vcmcvMjAwMC9zdmciPjwvc3ZnPg==\" style=\"--smush-placeholder-width: 628px; --smush-placeholder-aspect-ratio: 628\/419;\" \/><br \/>\n<b>\u00d6zlem Kaya\u00a0\u00a0\u00a0\u00a0<\/b><\/h4>\n<p><span style=\"font-weight: 400;\">Uzun zaman boyunca Hakan Y\u0131ld\u0131r\u0131m\u2019\u0131n asistanl\u0131\u011f\u0131n\u0131 yapan \u00d6zlem Kaya, Moda Tasar\u0131mc\u0131lar\u0131 Derne\u011fi E\u015f Ba\u015fkan\u0131. Cesur ve yenilik\u00e7i sesiyle fark yaratan sanat\u00e7\u0131, toplumsal cinsiyet rollerinin kad\u0131n \u00fczerindeki bask\u0131s\u0131n\u0131 tasar\u0131mlar\u0131nda yans\u0131tarak olduk\u00e7a tart\u0131\u015fmal\u0131 bir alana moda d\u00fcnyas\u0131n\u0131 da dahil ediyor.\u00a0<\/span><\/p>\n<h4><b>\u00d6zg\u00fcr Mansur<\/b><\/h4>\n<p><span style=\"font-weight: 400;\">Modernite ve gelenekleri harmanlayan ve bu harmana zarif, ince hatlarla klasik \u00e7izgiler ekleyen \u00d6zg\u00fcr Mansur, \u0130stanbul Moda Haftas\u0131\u2019n\u0131n merakla bekleneni. Sanat\u00e7\u0131 kendi koleksiyonlar\u0131 \u00fczerinde \u00e7al\u0131\u015f\u0131rken haz\u0131r giyim i\u00e7in de tasar\u0131mlar yap\u0131yor ve ayn\u0131 zamanda gelinlik tasarlamaktan da b\u00fcy\u00fck bir keyif al\u0131yor. Kad\u0131ns\u0131 \u00e7ekicili\u011fin doruklar\u0131ndaki tasar\u0131mlar t\u00fcm d\u00fcnyadaki g\u00fc\u00e7l\u00fc kad\u0131nlar\u0131n ilgisini \u00e7ekiyor.\u00a0\u00a0<\/span><\/p>\n<p><img decoding=\"async\" class=\"alignnone wp-image-21706 size-full lazyload\" data-src=\"https:\/\/www.hepsiburada.com\/hayatburada\/wp-content\/uploads\/2021\/03\/8900360437810-e1614566794966.jpg\" alt=\"moda\" width=\"326\" height=\"412\" src=\"data:image\/svg+xml;base64,PHN2ZyB3aWR0aD0iMSIgaGVpZ2h0PSIxIiB4bWxucz0iaHR0cDovL3d3dy53My5vcmcvMjAwMC9zdmciPjwvc3ZnPg==\" style=\"--smush-placeholder-width: 326px; --smush-placeholder-aspect-ratio: 326\/412;\" \/><br \/>\n<span style=\"font-weight: 400;\">Bu konuda daha fazla \u015fey \u00f6\u011frenmek isterseniz <\/span><a href=\"https:\/\/www.hepsiburada.com\/hayatburada\/gecmisten-bugune-en-sira-disi-moda-akimlari\/\"><span style=\"font-weight: 400;\">Ge\u00e7mi\u015ften Bug\u00fcne En S\u0131ra D\u0131\u015f\u0131 Moda Ak\u0131mlar\u0131<\/span><\/a><span style=\"font-weight: 400;\"> yaz\u0131m\u0131za g\u00f6z atabilirsiniz. Ayr\u0131ca Coco Chanel&#8217;in s\u0131ra d\u0131\u015f\u0131 hayat\u0131n\u0131 konu alan <a href=\"https:\/\/www.hepsiburada.com\/coco-avant-chanel-coco-chanel-den-once-blu-ray-disc-p-DVDCOLAP853-BR\">Coco Avant Chanel<\/a> isimli filmi izlemenizi de tavsiye ederiz.<\/span><\/p>\n","protected":false},"excerpt":{"rendered":"<p>Hareketli, dinamik, enerjik&#8230; Moda d\u00fcnyas\u0131 asla yerinde durmuyor ve \u00fcretime, tasarlamaya, yarat\u0131c\u0131l\u0131\u011f\u0131n\u0131 g\u00f6stermeye devam ediyor. Bu konuda akla sadece yabanc\u0131 [&hellip;]<\/p>\n","protected":false},"author":0,"featured_media":21708,"comment_status":"closed","ping_status":"open","sticky":false,"template":"","format":"standard","meta":{"footnotes":""},"categories":[148],"tags":[259],"class_list":["post-21705","post","type-post","status-publish","format-standard","has-post-thumbnail","hentry","category-moda","tag-moda"],"yoast_head":"<!-- This site is optimized with the Yoast SEO Premium plugin v26.8 (Yoast SEO v27.5) - https:\/\/yoast.com\/product\/yoast-seo-premium-wordpress\/ -->\n<title>Moda d\u00fcnyas\u0131na damgas\u0131n\u0131 vuran T\u00fcrk markalar\u0131 - Hayatburada<\/title>\n<meta name=\"robots\" content=\"index, follow, max-snippet:-1, max-image-preview:large, max-video-preview:-1\" \/>\n<link rel=\"canonical\" href=\"https:\/\/www.hepsiburada.com\/hayatburada\/moda-dunyasina-damgasini-vuran-turk-markalar\/\" \/>\n<meta property=\"og:locale\" content=\"tr_TR\" \/>\n<meta property=\"og:type\" content=\"article\" \/>\n<meta property=\"og:title\" content=\"Moda d\u00fcnyas\u0131na damgas\u0131n\u0131 vuran T\u00fcrk markalar\" \/>\n<meta property=\"og:description\" content=\"Hareketli, dinamik, enerjik... Moda d\u00fcnyas\u0131 asla yerinde durmuyor ve \u00fcretime, tasarlamaya, yarat\u0131c\u0131l\u0131\u011f\u0131n\u0131 g\u00f6stermeye devam ediyor. Bu konuda akla sadece\" \/>\n<meta property=\"og:url\" content=\"https:\/\/www.hepsiburada.com\/hayatburada\/moda-dunyasina-damgasini-vuran-turk-markalar\/\" \/>\n<meta property=\"og:site_name\" content=\"Hayatburada\" \/>\n<meta property=\"article:published_time\" content=\"2021-03-01T03:11:49+00:00\" \/>\n<meta name=\"twitter:card\" content=\"summary_large_image\" \/>\n<meta name=\"twitter:label1\" content=\"Tahmini okuma s\u00fcresi\" \/>\n\t<meta name=\"twitter:data1\" content=\"4 dakika\" \/>\n<script type=\"application\/ld+json\" class=\"yoast-schema-graph\">{\"@context\":\"https:\\\/\\\/schema.org\",\"@graph\":[{\"@type\":\"Article\",\"@id\":\"https:\\\/\\\/www.hepsiburada.com\\\/hayatburada\\\/moda-dunyasina-damgasini-vuran-turk-markalar\\\/#article\",\"isPartOf\":{\"@id\":\"https:\\\/\\\/www.hepsiburada.com\\\/hayatburada\\\/moda-dunyasina-damgasini-vuran-turk-markalar\\\/\"},\"author\":{\"name\":\"\",\"@id\":\"\"},\"headline\":\"Moda d\u00fcnyas\u0131na damgas\u0131n\u0131 vuran T\u00fcrk markalar\",\"datePublished\":\"2021-03-01T03:11:49+00:00\",\"mainEntityOfPage\":{\"@id\":\"https:\\\/\\\/www.hepsiburada.com\\\/hayatburada\\\/moda-dunyasina-damgasini-vuran-turk-markalar\\\/\"},\"wordCount\":772,\"image\":{\"@id\":\"https:\\\/\\\/www.hepsiburada.com\\\/hayatburada\\\/moda-dunyasina-damgasini-vuran-turk-markalar\\\/#primaryimage\"},\"thumbnailUrl\":\"\",\"keywords\":[\"moda\"],\"articleSection\":[\"Moda\"],\"inLanguage\":\"tr\"},{\"@type\":\"WebPage\",\"@id\":\"https:\\\/\\\/www.hepsiburada.com\\\/hayatburada\\\/moda-dunyasina-damgasini-vuran-turk-markalar\\\/\",\"url\":\"https:\\\/\\\/www.hepsiburada.com\\\/hayatburada\\\/moda-dunyasina-damgasini-vuran-turk-markalar\\\/\",\"name\":\"Moda d\u00fcnyas\u0131na damgas\u0131n\u0131 vuran T\u00fcrk markalar\u0131 - Hayatburada\",\"isPartOf\":{\"@id\":\"https:\\\/\\\/www.hepsiburada.com\\\/hayatburada\\\/#website\"},\"primaryImageOfPage\":{\"@id\":\"https:\\\/\\\/www.hepsiburada.com\\\/hayatburada\\\/moda-dunyasina-damgasini-vuran-turk-markalar\\\/#primaryimage\"},\"image\":{\"@id\":\"https:\\\/\\\/www.hepsiburada.com\\\/hayatburada\\\/moda-dunyasina-damgasini-vuran-turk-markalar\\\/#primaryimage\"},\"thumbnailUrl\":\"\",\"datePublished\":\"2021-03-01T03:11:49+00:00\",\"author\":{\"@id\":\"\"},\"breadcrumb\":{\"@id\":\"https:\\\/\\\/www.hepsiburada.com\\\/hayatburada\\\/moda-dunyasina-damgasini-vuran-turk-markalar\\\/#breadcrumb\"},\"inLanguage\":\"tr\",\"potentialAction\":[{\"@type\":\"ReadAction\",\"target\":[\"https:\\\/\\\/www.hepsiburada.com\\\/hayatburada\\\/moda-dunyasina-damgasini-vuran-turk-markalar\\\/\"]}]},{\"@type\":\"ImageObject\",\"inLanguage\":\"tr\",\"@id\":\"https:\\\/\\\/www.hepsiburada.com\\\/hayatburada\\\/moda-dunyasina-damgasini-vuran-turk-markalar\\\/#primaryimage\",\"url\":\"\",\"contentUrl\":\"\"},{\"@type\":\"BreadcrumbList\",\"@id\":\"https:\\\/\\\/www.hepsiburada.com\\\/hayatburada\\\/moda-dunyasina-damgasini-vuran-turk-markalar\\\/#breadcrumb\",\"itemListElement\":[{\"@type\":\"ListItem\",\"position\":1,\"name\":\"Anasayfa\",\"item\":\"https:\\\/\\\/www.hepsiburada.com\\\/hayatburada\\\/\"},{\"@type\":\"ListItem\",\"position\":2,\"name\":\"Moda d\u00fcnyas\u0131na damgas\u0131n\u0131 vuran T\u00fcrk markalar\"}]},{\"@type\":\"WebSite\",\"@id\":\"https:\\\/\\\/www.hepsiburada.com\\\/hayatburada\\\/#website\",\"url\":\"https:\\\/\\\/www.hepsiburada.com\\\/hayatburada\\\/\",\"name\":\"Hayatburada\",\"description\":\"\",\"potentialAction\":[{\"@type\":\"SearchAction\",\"target\":{\"@type\":\"EntryPoint\",\"urlTemplate\":\"https:\\\/\\\/www.hepsiburada.com\\\/hayatburada\\\/?s={search_term_string}\"},\"query-input\":{\"@type\":\"PropertyValueSpecification\",\"valueRequired\":true,\"valueName\":\"search_term_string\"}}],\"inLanguage\":\"tr\"}]}<\/script>\n<!-- \/ Yoast SEO Premium plugin. -->","yoast_head_json":{"title":"Moda d\u00fcnyas\u0131na damgas\u0131n\u0131 vuran T\u00fcrk markalar\u0131 - Hayatburada","robots":{"index":"index","follow":"follow","max-snippet":"max-snippet:-1","max-image-preview":"max-image-preview:large","max-video-preview":"max-video-preview:-1"},"canonical":"https:\/\/www.hepsiburada.com\/hayatburada\/moda-dunyasina-damgasini-vuran-turk-markalar\/","og_locale":"tr_TR","og_type":"article","og_title":"Moda d\u00fcnyas\u0131na damgas\u0131n\u0131 vuran T\u00fcrk markalar","og_description":"Hareketli, dinamik, enerjik... Moda d\u00fcnyas\u0131 asla yerinde durmuyor ve \u00fcretime, tasarlamaya, yarat\u0131c\u0131l\u0131\u011f\u0131n\u0131 g\u00f6stermeye devam ediyor. Bu konuda akla sadece","og_url":"https:\/\/www.hepsiburada.com\/hayatburada\/moda-dunyasina-damgasini-vuran-turk-markalar\/","og_site_name":"Hayatburada","article_published_time":"2021-03-01T03:11:49+00:00","twitter_card":"summary_large_image","twitter_misc":{"Tahmini okuma s\u00fcresi":"4 dakika"},"schema":{"@context":"https:\/\/schema.org","@graph":[{"@type":"Article","@id":"https:\/\/www.hepsiburada.com\/hayatburada\/moda-dunyasina-damgasini-vuran-turk-markalar\/#article","isPartOf":{"@id":"https:\/\/www.hepsiburada.com\/hayatburada\/moda-dunyasina-damgasini-vuran-turk-markalar\/"},"author":{"name":"","@id":""},"headline":"Moda d\u00fcnyas\u0131na damgas\u0131n\u0131 vuran T\u00fcrk markalar","datePublished":"2021-03-01T03:11:49+00:00","mainEntityOfPage":{"@id":"https:\/\/www.hepsiburada.com\/hayatburada\/moda-dunyasina-damgasini-vuran-turk-markalar\/"},"wordCount":772,"image":{"@id":"https:\/\/www.hepsiburada.com\/hayatburada\/moda-dunyasina-damgasini-vuran-turk-markalar\/#primaryimage"},"thumbnailUrl":"","keywords":["moda"],"articleSection":["Moda"],"inLanguage":"tr"},{"@type":"WebPage","@id":"https:\/\/www.hepsiburada.com\/hayatburada\/moda-dunyasina-damgasini-vuran-turk-markalar\/","url":"https:\/\/www.hepsiburada.com\/hayatburada\/moda-dunyasina-damgasini-vuran-turk-markalar\/","name":"Moda d\u00fcnyas\u0131na damgas\u0131n\u0131 vuran T\u00fcrk markalar\u0131 - Hayatburada","isPartOf":{"@id":"https:\/\/www.hepsiburada.com\/hayatburada\/#website"},"primaryImageOfPage":{"@id":"https:\/\/www.hepsiburada.com\/hayatburada\/moda-dunyasina-damgasini-vuran-turk-markalar\/#primaryimage"},"image":{"@id":"https:\/\/www.hepsiburada.com\/hayatburada\/moda-dunyasina-damgasini-vuran-turk-markalar\/#primaryimage"},"thumbnailUrl":"","datePublished":"2021-03-01T03:11:49+00:00","author":{"@id":""},"breadcrumb":{"@id":"https:\/\/www.hepsiburada.com\/hayatburada\/moda-dunyasina-damgasini-vuran-turk-markalar\/#breadcrumb"},"inLanguage":"tr","potentialAction":[{"@type":"ReadAction","target":["https:\/\/www.hepsiburada.com\/hayatburada\/moda-dunyasina-damgasini-vuran-turk-markalar\/"]}]},{"@type":"ImageObject","inLanguage":"tr","@id":"https:\/\/www.hepsiburada.com\/hayatburada\/moda-dunyasina-damgasini-vuran-turk-markalar\/#primaryimage","url":"","contentUrl":""},{"@type":"BreadcrumbList","@id":"https:\/\/www.hepsiburada.com\/hayatburada\/moda-dunyasina-damgasini-vuran-turk-markalar\/#breadcrumb","itemListElement":[{"@type":"ListItem","position":1,"name":"Anasayfa","item":"https:\/\/www.hepsiburada.com\/hayatburada\/"},{"@type":"ListItem","position":2,"name":"Moda d\u00fcnyas\u0131na damgas\u0131n\u0131 vuran T\u00fcrk markalar"}]},{"@type":"WebSite","@id":"https:\/\/www.hepsiburada.com\/hayatburada\/#website","url":"https:\/\/www.hepsiburada.com\/hayatburada\/","name":"Hayatburada","description":"","potentialAction":[{"@type":"SearchAction","target":{"@type":"EntryPoint","urlTemplate":"https:\/\/www.hepsiburada.com\/hayatburada\/?s={search_term_string}"},"query-input":{"@type":"PropertyValueSpecification","valueRequired":true,"valueName":"search_term_string"}}],"inLanguage":"tr"}]}},"_links":{"self":[{"href":"https:\/\/www.hepsiburada.com\/hayatburada\/wp-json\/wp\/v2\/posts\/21705","targetHints":{"allow":["GET"]}}],"collection":[{"href":"https:\/\/www.hepsiburada.com\/hayatburada\/wp-json\/wp\/v2\/posts"}],"about":[{"href":"https:\/\/www.hepsiburada.com\/hayatburada\/wp-json\/wp\/v2\/types\/post"}],"replies":[{"embeddable":true,"href":"https:\/\/www.hepsiburada.com\/hayatburada\/wp-json\/wp\/v2\/comments?post=21705"}],"version-history":[{"count":0,"href":"https:\/\/www.hepsiburada.com\/hayatburada\/wp-json\/wp\/v2\/posts\/21705\/revisions"}],"wp:featuredmedia":[{"embeddable":true,"href":"https:\/\/www.hepsiburada.com\/hayatburada\/wp-json\/"}],"wp:attachment":[{"href":"https:\/\/www.hepsiburada.com\/hayatburada\/wp-json\/wp\/v2\/media?parent=21705"}],"wp:term":[{"taxonomy":"category","embeddable":true,"href":"https:\/\/www.hepsiburada.com\/hayatburada\/wp-json\/wp\/v2\/categories?post=21705"},{"taxonomy":"post_tag","embeddable":true,"href":"https:\/\/www.hepsiburada.com\/hayatburada\/wp-json\/wp\/v2\/tags?post=21705"}],"curies":[{"name":"wp","href":"https:\/\/api.w.org\/{rel}","templated":true}]}}