{"id":40356,"date":"2026-03-13T09:48:22","date_gmt":"2026-03-13T06:48:22","guid":{"rendered":"https:\/\/www.hepsiburada.com\/hayatburada\/?p=40356"},"modified":"2026-03-13T12:37:22","modified_gmt":"2026-03-13T09:37:22","slug":"ten-rengine-gore-parfum-secimi-nasil-yapilir","status":"publish","type":"post","link":"https:\/\/www.hepsiburada.com\/hayatburada\/ten-rengine-gore-parfum-secimi-nasil-yapilir\/","title":{"rendered":"Ten Rengine G\u00f6re Parf\u00fcm Se\u00e7imi Nas\u0131l Yap\u0131l\u0131r?"},"content":{"rendered":"<div class=\"sc-content\">\n<aside class=\"sc-content__table-of-contents\">\n<ol>\n<li><a href=\"#ten-rengine-gore-parfum-secimi-koku-ve-cilt-kimyasi\">Ten Rengine G\u00f6re Parf\u00fcm Se\u00e7imi: Koku ve Cilt Kimyas\u0131<\/a><\/li>\n<li><a href=\"#esmer-tenler-icin-parfum-onerileri-oryantal-ve-odunsu-esintiler\">Esmer Tenler i\u00e7in Parf\u00fcm \u00d6nerileri: Oryantal ve Odunsu Esintiler<\/a><\/li>\n<li><a href=\"#bugday-tenliler-icin-parfum-rehberi-dengeli-ve-sofistike\">Bu\u011fday Tenliler i\u00e7in Parf\u00fcm Rehberi: Dengeli ve Sofistike<\/a><\/li>\n<li><a href=\"#beyaz-tenliler-icin-parfum-secimi-hafif-ve-ferah-dokunuslar\">Beyaz Tenliler i\u00e7in Parf\u00fcm Se\u00e7imi: Hafif ve Ferah Dokunu\u015flar<\/a><\/li>\n<li><a href=\"#cilt-alt-tonu-warm-cool-parfum-secimini-nasil-etkiler\">Cilt Alt Tonu (Warm\/Cool) Parf\u00fcm Se\u00e7imini Nas\u0131l Etkiler?<\/a><\/li>\n<li><a href=\"#mevsimler-ve-ten-rengi-uyumu-2026-parfum-trendleri\">Mevsimler ve Ten Rengi Uyumu: 2026 Parf\u00fcm Trendleri<\/a><\/li>\n<li><a href=\"#sikca-sorulan-sorular\">S\u0131k\u00e7a Sorulan Sorular<\/a><\/li>\n<\/ol>\n<\/aside>\n<div class=\"sc-content__article\">\n<h1>Ten Rengine G\u00f6re Parf\u00fcm Se\u00e7im Rehberi<\/h1>\n<div class=\"sc-content__block\">\n<table>\n<thead>\n<tr>\n<th><strong>H\u0131zl\u0131 Bak\u0131\u015f<\/strong><\/th>\n<th><strong>Ten Uyumu ve Parf\u00fcm Hakk\u0131nda \u00d6zet Bilgiler<\/strong><\/th>\n<\/tr>\n<\/thead>\n<tbody>\n<tr>\n<td><strong>Cilt Kimyas\u0131<\/strong><\/td>\n<td>Parf\u00fcm\u00fcn herkesin teninde farkl\u0131 kokmas\u0131n\u0131n temel sebebi; pH seviyesi, v\u00fccut \u0131s\u0131s\u0131 ve ya\u011f oran\u0131n\u0131n koku molek\u00fclleriyle girdi\u011fi etkile\u015fimdir.<\/td>\n<\/tr>\n<tr>\n<td><strong>Ten Rengi Etkisi<\/strong><\/td>\n<td>Esmer tenler yo\u011fun ve baharatl\u0131 notalar\u0131 derinle\u015ftirirken; beyaz tenler taze, narenciye ve \u00e7i\u00e7eksi kokularla m\u00fckemmel uyum yakal\u0131yor.<\/td>\n<\/tr>\n<tr>\n<td><strong>Cilt Tipi ve Kal\u0131c\u0131l\u0131k<\/strong><\/td>\n<td>Ya\u011fl\u0131 ciltler koku molek\u00fcllerini hapsederek kal\u0131c\u0131l\u0131\u011f\u0131 art\u0131r\u0131rken, kuru ciltlerde kokunun tutunmas\u0131 i\u00e7in nemlendirici deste\u011fi gerekiyor.<\/td>\n<\/tr>\n<tr>\n<td><strong>Cilt Alt Tonu<\/strong><\/td>\n<td>Damar rengine g\u00f6re belirlenen s\u0131cak veya so\u011fuk alt tonlar, kokunun tende ne kadar &#8220;ait&#8221; ve do\u011fal duraca\u011f\u0131n\u0131 belirliyor.<\/td>\n<\/tr>\n<\/tbody>\n<\/table>\n<p>Ten rengine g\u00f6re parf\u00fcm se\u00e7imi, esmer, bu\u011fday veya beyaz tenli ki\u015filer i\u00e7in en do\u011fru koku deneyimini yaratman\u0131n temel ad\u0131m\u0131. Cildin do\u011fal ya\u011f dengesi, g\u00f6zenek yap\u0131s\u0131 ve pH seviyesi, parf\u00fcm\u00fcn tende nas\u0131l kalaca\u011f\u0131n\u0131 ve hangi notalar\u0131n \u00f6ne \u00e7\u0131kaca\u011f\u0131n\u0131 belirliyor. Ka\u011f\u0131t \u015feritte be\u011fendi\u011fin bir parf\u00fcm kendi teninde farkl\u0131 kokuyorsa, bunun nedeni cildinin biyokimyasal yap\u0131s\u0131n\u0131n kokuyu ki\u015fiselle\u015ftirmesi oluyor.<\/p>\n<p>Do\u011fru <a href=\"https:\/\/www.hepsiburada.com\/parfumler-c-341406\">parf\u00fcm \u00f6nerileri<\/a> i\u00e7in sadece g\u00fczel bir koku bulmak de\u011fil, tenin kimyas\u0131yla uyumlu bir melodi olu\u015fturan esanslar\u0131 ke\u015ffetmek gerekiyor. Hepsiburada&#8217;n\u0131n 2026 koleksiyonunda gezinirken, ten rengine ve cilt tipine g\u00f6re parf\u00fcm se\u00e7imi ipu\u00e7lar\u0131n\u0131 takip ederek kendin i\u00e7in en kal\u0131c\u0131 ve uyumlu parf\u00fcmleri bulabilirsin!<\/p>\n<\/div>\n<h2 id=\"ten-rengine-gore-parfum-secimi-koku-ve-cilt-kimyasi\">Ten Rengine G\u00f6re Parf\u00fcm Se\u00e7imi: Koku ve Cilt Kimyas\u0131<\/h2>\n<div class=\"sc-content__block\">\n<p>Ten rengine g\u00f6re parf\u00fcm se\u00e7imi, esanslar\u0131n cilt y\u00fczeyinde ne kadar s\u00fcre kalaca\u011f\u0131n\u0131 ve hangi notalar\u0131n daha bask\u0131n \u00e7\u0131kaca\u011f\u0131n\u0131 belirleyen en stratejik fakt\u00f6rlerden biri. Cilt rengi genellikle cildin nem kapasitesi, ya\u011f oran\u0131 ve melanin seviyesi hakk\u0131nda do\u011frudan bilgi veriyor.<\/p>\n<h3>Ten Rengine ve Cilt Kimyas\u0131na G\u00f6re Parf\u00fcm Neden Herkesin Teninde Farkl\u0131 Kokar?<\/h3>\n<p>Parf\u00fcm\u00fcn her tende farkl\u0131 kokmas\u0131n\u0131n temel nedeni, her bireyin kendine has bir cilt kimyas\u0131na sahip olmas\u0131d\u0131r. Cildindeki asitlik oran\u0131 (pH), t\u00fcketti\u011fin g\u0131dalar, v\u00fccut \u0131s\u0131n ve hatta o g\u00fcnk\u00fc stres seviyen; parf\u00fcm\u00fcn i\u00e7indeki notalarla tepkimeye girerek kokunun profilini de\u011fi\u015ftiriyor.<\/p>\n<ul>\n<li><strong>V\u00fccut \u0131s\u0131s\u0131:<\/strong> Kan ak\u0131\u015f\u0131n\u0131n yo\u011fun oldu\u011fu esmer tenlerde koku daha h\u0131zl\u0131 yay\u0131l\u0131yor.<\/li>\n<li><strong>Beslenme:<\/strong> Baharatl\u0131 g\u0131da t\u00fcketimi, parf\u00fcm\u00fcn tenindeki keskinli\u011fini art\u0131rabiliyor.<\/li>\n<li><strong>Hormonal durum:<\/strong> Ciltteki ya\u011f \u00fcretimini etkileyerek kokunun kal\u0131c\u0131l\u0131\u011f\u0131n\u0131 de\u011fi\u015ftiriyor.<\/li>\n<\/ul>\n<h3>Ya\u011fl\u0131 ve Kuru Ciltlerin Koku Yay\u0131l\u0131m\u0131na Etkisi<\/h3>\n<p>Ya\u011fl\u0131 ciltler i\u00e7in kal\u0131c\u0131 parf\u00fcmler bulmak \u00e7ok daha kolay oluyor \u00e7\u00fcnk\u00fc cildin do\u011fal ya\u011flar\u0131 koku molek\u00fcllerini bir m\u0131knat\u0131s gibi hapsediyor. Kuru ciltlerde ise tam tersi bir durum s\u00f6z konusu: Nem eksikli\u011fi nedeniyle koku molek\u00fclleri tutunacak bir y\u00fczey bulam\u0131yor ve h\u0131zla havaya kar\u0131\u015farak etkisini yitirebiliyor.<\/p>\n<table>\n<thead>\n<tr>\n<th><strong>Cilt Tipi<\/strong><\/th>\n<th><strong>Cilt Tipine G\u00f6re Koku Yay\u0131l\u0131m\u0131<\/strong><\/th>\n<th><strong>Cilt Tipine G\u00f6re Kal\u0131c\u0131l\u0131k Performans\u0131<\/strong><\/th>\n<th><strong>Cilt Tipine G\u00f6re \u00d6nerilen Nota Grubu<\/strong><\/th>\n<\/tr>\n<\/thead>\n<tbody>\n<tr>\n<td><strong>Ya\u011fl\u0131 Cilt<\/strong><\/td>\n<td>\u00c7ok y\u00fcksek<\/td>\n<td>Uzun s\u00fcreli<\/td>\n<td>Taze, turun\u00e7gil, aromatik<\/td>\n<\/tr>\n<tr>\n<td><strong>Kuru Cilt<\/strong><\/td>\n<td>D\u00fc\u015f\u00fck<\/td>\n<td>K\u0131sa s\u00fcreli<\/td>\n<td>Oryantal, baharatl\u0131, ya\u011f bazl\u0131<\/td>\n<\/tr>\n<tr>\n<td><strong>Karma Cilt<\/strong><\/td>\n<td>Dengeli<\/td>\n<td>Orta s\u00fcreli<\/td>\n<td>Odunsu, \u00e7i\u00e7eksi<\/td>\n<\/tr>\n<\/tbody>\n<\/table>\n<\/div>\n<h2 id=\"esmer-tenler-icin-parfum-onerileri-oryantal-ve-odunsu-esintiler\">Esmer Tenler i\u00e7in Parf\u00fcm \u00d6nerileri: Oryantal ve Odunsu Esintiler<\/h2>\n<p><img decoding=\"async\" class=\"alignnone size-full wp-image-40349 lazyload\" data-src=\"https:\/\/www.hepsiburada.com\/hayatburada\/wp-content\/uploads\/2026\/03\/Esmer-Tenler-ic-in-Parfu-m-O-nerileri-Oryantal-ve-Odunsu-Esintiler.jpg\" alt=\"Esmer Tenler i\u00e7in Parf\u00fcm \u00d6nerileri\" width=\"640\" height=\"427\" data-srcset=\"https:\/\/www.hepsiburada.com\/hayatburada\/wp-content\/uploads\/2026\/03\/Esmer-Tenler-ic-in-Parfu-m-O-nerileri-Oryantal-ve-Odunsu-Esintiler.jpg 640w, https:\/\/www.hepsiburada.com\/hayatburada\/wp-content\/uploads\/2026\/03\/Esmer-Tenler-ic-in-Parfu-m-O-nerileri-Oryantal-ve-Odunsu-Esintiler-300x200.jpg 300w\" data-sizes=\"(max-width: 640px) 100vw, 640px\" src=\"data:image\/svg+xml;base64,PHN2ZyB3aWR0aD0iMSIgaGVpZ2h0PSIxIiB4bWxucz0iaHR0cDovL3d3dy53My5vcmcvMjAwMC9zdmciPjwvc3ZnPg==\" style=\"--smush-placeholder-width: 640px; --smush-placeholder-aspect-ratio: 640\/427;\" \/><\/p>\n<div class=\"sc-content__block\">\n<p>Esmer ten yap\u0131s\u0131, genellikle daha y\u00fcksek lipid (ya\u011f) oran\u0131na ve g\u00f6zenekli bir dokuya sahip oldu\u011fu i\u00e7in yo\u011fun ve g\u00f6vdeli kokular\u0131 en iyi ta\u015f\u0131yan ten tipi olarak kabul ediliyor. Bu ten rengi, parf\u00fcmleri &#8220;yutmak&#8221; yerine onlar\u0131 derinle\u015ftirerek sergileme e\u011filimi g\u00f6steriyor.<\/p>\n<h3>Neden Baharatl\u0131 ve Yo\u011fun Notalar Esmer Tenlere Yak\u0131\u015f\u0131r?<\/h3>\n<p>Esmer tenin do\u011fal pH dengesi ve s\u0131cakl\u0131\u011f\u0131, baharatl\u0131 ve yo\u011fun bile\u015fenlerle kimyasal bir uyum sergiliyor.<\/p>\n<ul>\n<li><strong>Esmer tenler i\u00e7in baharatl\u0131 notalar (Tar\u00e7\u0131n, karabiber, kakule):<\/strong> Bu molek\u00fcller, esmer tenin \u0131s\u0131s\u0131yla aktive olarak keskinliklerini kaybeder ve yerini sofistike, s\u0131cak bir koku profiline b\u0131rak\u0131r.<\/li>\n<li><strong>Esmer tenler i\u00e7in topraks\u0131 ve re\u00e7ineli akorlar (Pa\u00e7uli, \u00f6d a\u011fac\u0131):<\/strong> Ciltteki sebum oran\u0131yla birle\u015fti\u011finde, bu notalar metalik bir so\u011fukluktan ziyade &#8220;topraks\u0131 bir s\u0131cakl\u0131k&#8221; yayar.<\/li>\n<li><strong>Esmer tenler i\u00e7in gurme ve balzamik notalar (Vanilya, tonka fasulyesi):<\/strong> Lipid oran\u0131 y\u00fcksek ciltlerde bu notalar daha kremsi ve l\u00fcks bir katman olu\u015fturur.<\/li>\n<\/ul>\n<h3>Amber, Misk ve Egzotik \u00c7i\u00e7eklerin Uyumu<\/h3>\n<p>Oryantal parf\u00fcm notalar\u0131 nelerdir sorusuna en yak\u0131\u015fan cevaplar olan amber, misk ve t\u00fcts\u00fc gibi esanslar, esmer tenli kad\u0131n ve erkekler i\u00e7in en iddial\u0131 se\u00e7imler oluyor. Esmer tende \u00f6ne \u00e7\u0131kan baz\u0131 anahtar notalar\u0131 \u015f\u00f6yle g\u00f6rebilirsin:<\/p>\n<table>\n<thead>\n<tr>\n<th><strong>Nota Kategorisi<\/strong><\/th>\n<th><strong>Spesifik Esans<\/strong><\/th>\n<th><strong>Neden Esmer Ten i\u00e7in Uygun?<\/strong><\/th>\n<\/tr>\n<\/thead>\n<tbody>\n<tr>\n<td><strong>Floral-Dramatik<\/strong><\/td>\n<td>Siyah g\u00fcl, orkide<\/td>\n<td>Tenin koyu alt tonuyla y\u00fcksek kontrast ve derinlik sa\u011flar.<\/td>\n<\/tr>\n<tr>\n<td><strong>Odunsu-Dumanl\u0131<\/strong><\/td>\n<td>Deri, t\u00fct\u00fcn, t\u00fcts\u00fc<\/td>\n<td>Ak\u015fam kullan\u0131m\u0131 i\u00e7in y\u00fcksek karizma ve kal\u0131c\u0131 bir imza b\u0131rak\u0131r.<\/td>\n<\/tr>\n<tr>\n<td><strong>Oryantal-Baz<\/strong><\/td>\n<td>Amber, misk<\/td>\n<td>Cilt \u0131s\u0131s\u0131yla b\u00fct\u00fcnle\u015ferek &#8220;do\u011fal ten kokusu&#8221; alg\u0131s\u0131 yarat\u0131r.<\/td>\n<\/tr>\n<\/tbody>\n<\/table>\n<h3>Ak\u015fam \u015e\u0131kl\u0131\u011f\u0131 i\u00e7in Esmer Tenlere \u00d6zel Parf\u00fcm Se\u00e7enekleri<\/h3>\n<p>Esmer tenlerin y\u00fcksek termal enerjisi ve sebum yap\u0131s\u0131, a\u011f\u0131r molek\u00fcll\u00fc esanslar\u0131n buharla\u015fma h\u0131z\u0131n\u0131 optimize ederek gece boyunca stabil bir yay\u0131l\u0131m sa\u011fl\u0131yor. Ak\u015fam \u015f\u0131kl\u0131\u011f\u0131 ve formal etkinlikler i\u00e7in esmer ten fototiplerinde en y\u00fcksek verim al\u0131nan nota gruplar\u0131 \u015funlard\u0131r:<\/p>\n<ul>\n<li><strong>Esmer tenler i\u00e7in dumanl\u0131 ve odunsu notalar (T\u00fcts\u00fc, vetiver):<\/strong> Ten \u0131s\u0131s\u0131yla birle\u015fti\u011finde gizemli ve derin bir aura olu\u015fturur.<\/li>\n<li><strong>Esmer tenler i\u00e7in hayvansal ve deri akorlar\u0131 (Leder, amber):<\/strong> Cilt yap\u0131s\u0131yla en h\u0131zl\u0131 b\u00fct\u00fcnle\u015fen ve &#8220;imza koku&#8221; etkisini en uzun s\u00fcre koruyan notalard\u0131r.<\/li>\n<li><strong>Esmer tenler i\u00e7in t\u00fct\u00fcn ve baharat kompozisyonlar\u0131:<\/strong> Havada as\u0131l\u0131 kalan etkileyici bir iz b\u0131rakmak i\u00e7in esmer tenin g\u00f6zenekli yap\u0131s\u0131ndan faydalan\u0131r.<\/li>\n<\/ul>\n<p>Esmer tenli kad\u0131nlar i\u00e7in parf\u00fcm \u00f6nerileri ar\u0131yorsan veya <a href=\"https:\/\/www.hepsiburada.com\/erkek-parfumler-c-32010683\">erkek parf\u00fcm<\/a> \u00e7e\u015fitlerini ara\u015ft\u0131r\u0131yorsan, bu notalara g\u00f6n\u00fcl rahatl\u0131\u011f\u0131yla y\u00f6nelebilirsin.<\/p>\n<\/div>\n<h2 id=\"bugday-tenliler-icin-parfum-rehberi-dengeli-ve-sofistike\">Bu\u011fday Tenliler i\u00e7in Parf\u00fcm Rehberi: Dengeli ve Sofistike<\/h2>\n<p><img decoding=\"async\" class=\"alignnone size-full wp-image-40350 lazyload\" data-src=\"https:\/\/www.hepsiburada.com\/hayatburada\/wp-content\/uploads\/2026\/03\/Bug-day-Tenliler-ic-in-Parfu-m-Rehberi-Dengeli-ve-Sofistike.jpg\" alt=\"Bu\u011fday Tenliler i\u00e7in Parf\u00fcm Rehberi\" width=\"640\" height=\"427\" data-srcset=\"https:\/\/www.hepsiburada.com\/hayatburada\/wp-content\/uploads\/2026\/03\/Bug-day-Tenliler-ic-in-Parfu-m-Rehberi-Dengeli-ve-Sofistike.jpg 640w, https:\/\/www.hepsiburada.com\/hayatburada\/wp-content\/uploads\/2026\/03\/Bug-day-Tenliler-ic-in-Parfu-m-Rehberi-Dengeli-ve-Sofistike-300x200.jpg 300w\" data-sizes=\"(max-width: 640px) 100vw, 640px\" src=\"data:image\/svg+xml;base64,PHN2ZyB3aWR0aD0iMSIgaGVpZ2h0PSIxIiB4bWxucz0iaHR0cDovL3d3dy53My5vcmcvMjAwMC9zdmciPjwvc3ZnPg==\" style=\"--smush-placeholder-width: 640px; --smush-placeholder-aspect-ratio: 640\/427;\" \/><\/p>\n<div class=\"sc-content__block\">\n<p>Bu\u011fday ten yap\u0131s\u0131, parf\u00fcmeri terminolojisinde &#8220;n\u00f6tr denge b\u00f6lgesi&#8221; olarak tan\u0131mlan\u0131yor. Bu ten tipi, sebum dengesi ve y\u00fczey \u0131s\u0131s\u0131 bak\u0131m\u0131ndan orta segmentte yer ald\u0131\u011f\u0131 i\u00e7in sucul notalar\u0131n tazeli\u011fini bozmadan koruyabilirken, yo\u011fun baharatl\u0131 i\u00e7eriklerin karakterini de stabilize etme yetene\u011fine sahip oluyor.<\/p>\n<h3>Hem Taze Hem Kal\u0131c\u0131: Odunsu ve \u00c7i\u00e7eksi Kar\u0131\u015f\u0131mlar<\/h3>\n<p>Bu\u011fday tenli kullan\u0131c\u0131lar i\u00e7in koku performans\u0131, &#8220;taze a\u00e7\u0131l\u0131\u015f ve odunsu baz&#8221; kombinasyonlar\u0131nda maksimum verime ula\u015f\u0131yor. Bu n\u00f6tr zemin, koku piramidindeki notalar\u0131n saf formunda de\u015fifre edilmesine olanak tan\u0131yor:<\/p>\n<ul>\n<li><strong>Bu\u011fday tenler i\u00e7in aromatik odunsu notalar (Vetiver, sedir):<\/strong> Bu\u011fday tenin orta seviye lipid oran\u0131, odunsu molek\u00fcllerin ciltle b\u00fct\u00fcnle\u015fme h\u0131z\u0131n\u0131 optimize ederek kal\u0131c\u0131l\u0131\u011f\u0131 art\u0131r\u0131r.<\/li>\n<li><strong>Bu\u011fday tenler i\u00e7in hafif baharat ge\u00e7i\u015fleri:<\/strong> Keskin baharatlar, bu\u011fday tende &#8220;bo\u011fucu&#8221; bir etki yaratmak yerine dengeli bir yay\u0131l\u0131m sergiler.<\/li>\n<\/ul>\n<h3>\u0130ris ve Pa\u00e7uli Gibi Notalar\u0131n Bu\u011fday Tendeki Dans\u0131<\/h3>\n<p>Bu\u011fday tenin termal stabilitesi, belirli molek\u00fcllerin cilt \u00fczerinde oksidasyona u\u011framadan kalmas\u0131n\u0131 sa\u011fl\u0131yor. Bu ba\u011flamda \u00f6ne \u00e7\u0131kan temel notalar ve i\u015flevlerini \u015f\u00f6yle s\u0131ralayabiliriz:<\/p>\n<ul>\n<li><strong>Bu\u011fday tenler i\u00e7in iris (Pudral\u0131 akorlar):<\/strong> Temiz, l\u00fcks ve sabunsu bir doku sunarak cildin do\u011fal kokusunu sofistike bir d\u00fczleme ta\u015f\u0131r.<\/li>\n<li><strong>Bu\u011fday tenler i\u00e7in pa\u00e7uli (Topraks\u0131 derinlik):<\/strong> Ten \u0131s\u0131s\u0131yla dengelenerek bohem ve g\u00fc\u00e7l\u00fc bir karakter projeksiyonu sa\u011flar.<\/li>\n<li><strong>Bu\u011fday tenler i\u00e7in pembe biber (Modern enerji):<\/strong> U\u00e7ucu molek\u00fclleri sayesinde bu\u011fday tenin enerjisini y\u00fckselten bir &#8220;vurgu notas\u0131&#8221; g\u00f6revi g\u00f6r\u00fcr.<\/li>\n<\/ul>\n<p>Bu\u011fday tenli erkek parf\u00fcm \u00f6nerileri veya <a href=\"https:\/\/www.hepsiburada.com\/kadin-parfumler-c-32010684\">kad\u0131n parf\u00fcm<\/a> \u00e7e\u015fitleri ar\u0131yorsan, bu notalara \u015fans vermeni \u00f6neririz.<\/p>\n<h3>G\u00fcnl\u00fck Kullan\u0131m i\u00e7in \u0130deal Notalar<\/h3>\n<p>G\u00fcnl\u00fck kullan\u0131mda bu\u011fday tenin dengeli yap\u0131s\u0131, d\u00fc\u015f\u00fck molek\u00fcl a\u011f\u0131rl\u0131kl\u0131 esanslar\u0131n bile kal\u0131c\u0131l\u0131k s\u00fcresini optimize ediyor. \u0130\u015f ortam\u0131 ve sosyal aktiviteler i\u00e7in verisi kan\u0131tlanm\u0131\u015f ideal bile\u015fenler \u015f\u00f6yle s\u0131ralanabiliyor:<\/p>\n<ul>\n<li><strong>Bu\u011fday tenler i\u00e7in bitkisel notalar (Ye\u015fil \u00e7ay, ada \u00e7ay\u0131, lavanta):<\/strong> Ferahl\u0131k ve profesyonellik alg\u0131s\u0131n\u0131 destekleyen temiz profiller sunar.<\/li>\n<li><strong>Bu\u011fday tenler i\u00e7in hafif meyve notalar\u0131:<\/strong> Bu\u011fday tende \u015fekerli bir yap\u0131ya d\u00f6n\u00fc\u015fmeden meyvemsi tazeli\u011fi korur.<\/li>\n<li><strong>Bu\u011fday tenler i\u00e7in kal\u0131c\u0131l\u0131k fakt\u00f6r\u00fc:<\/strong> Bu\u011fday tenin g\u00f6zenek yap\u0131s\u0131, bu hafif notalar\u0131n bile cilt y\u00fczeyinden h\u0131zl\u0131ca u\u00e7mas\u0131n\u0131 engelleyerek g\u00fcn boyu stabil bir koku katman\u0131 olu\u015fturur.<\/li>\n<\/ul>\n<table>\n<thead>\n<tr>\n<th><strong>Nota Kategorisi<\/strong><\/th>\n<th><strong>Spesifik Esans<\/strong><\/th>\n<th><strong>Neden Bu\u011fday Ten i\u00e7in Uygun?<\/strong><\/th>\n<\/tr>\n<\/thead>\n<tbody>\n<tr>\n<td><strong>Aromatik-Odunsu<\/strong><\/td>\n<td>Vetiver, sedir a\u011fac\u0131<\/td>\n<td>Orta seviye lipid oran\u0131, odunsu molek\u00fcllerin ciltle b\u00fct\u00fcnle\u015fme h\u0131z\u0131n\u0131 optimize ederek kal\u0131c\u0131l\u0131\u011f\u0131 art\u0131r\u0131r.<\/td>\n<\/tr>\n<tr>\n<td><strong>Pudral\u0131-Sofistike<\/strong><\/td>\n<td>\u0130ris \u00e7i\u00e7e\u011fi<\/td>\n<td>Termal stabilite sayesinde oksidasyona u\u011framadan temiz, l\u00fcks ve sabunsu bir doku sunar.<\/td>\n<\/tr>\n<tr>\n<td><strong>Topraks\u0131-Karakterli<\/strong><\/td>\n<td>Pa\u00e7uli<\/td>\n<td>Ten \u0131s\u0131s\u0131yla dengelenerek, bo\u011fucu olmadan bohem ve g\u00fc\u00e7l\u00fc bir karakter projeksiyonu sa\u011flar.<\/td>\n<\/tr>\n<tr>\n<td><strong>Bitkisel-Ferah<\/strong><\/td>\n<td>Ye\u015fil \u00e7ay, ada \u00e7ay\u0131<\/td>\n<td>Dengeli g\u00f6zenek yap\u0131s\u0131, d\u00fc\u015f\u00fck molek\u00fcl a\u011f\u0131rl\u0131kl\u0131 bu notalar\u0131n h\u0131zl\u0131 u\u00e7mas\u0131n\u0131 engelleyerek stabil bir tazelik sunar.<\/td>\n<\/tr>\n<tr>\n<td><strong>Modern-Vurgu<\/strong><\/td>\n<td>Pembe biber<\/td>\n<td>U\u00e7ucu molek\u00fclleri, bu\u011fday tenin n\u00f6tr zemininde enerjiyi y\u00fckselten bir &#8220;vurgu notas\u0131&#8221; i\u015flevi g\u00f6r\u00fcr.<\/td>\n<\/tr>\n<\/tbody>\n<\/table>\n<\/div>\n<h2 id=\"beyaz-tenliler-icin-parfum-secimi-hafif-ve-ferah-dokunuslar\">Beyaz Tenliler i\u00e7in Parf\u00fcm Se\u00e7imi: Hafif ve Ferah Dokunu\u015flar<\/h2>\n<p><img decoding=\"async\" class=\"alignnone size-full wp-image-40351 lazyload\" data-src=\"https:\/\/www.hepsiburada.com\/hayatburada\/wp-content\/uploads\/2026\/03\/Beyaz-Tenliler-ic-in-Parfu-m-Sec-imi-Hafif-ve-Ferah-Dokunus-lar.jpg\" alt=\"Beyaz Tenliler i\u00e7in Parf\u00fcm Se\u00e7imi\" width=\"640\" height=\"427\" data-srcset=\"https:\/\/www.hepsiburada.com\/hayatburada\/wp-content\/uploads\/2026\/03\/Beyaz-Tenliler-ic-in-Parfu-m-Sec-imi-Hafif-ve-Ferah-Dokunus-lar.jpg 640w, https:\/\/www.hepsiburada.com\/hayatburada\/wp-content\/uploads\/2026\/03\/Beyaz-Tenliler-ic-in-Parfu-m-Sec-imi-Hafif-ve-Ferah-Dokunus-lar-300x200.jpg 300w\" data-sizes=\"(max-width: 640px) 100vw, 640px\" src=\"data:image\/svg+xml;base64,PHN2ZyB3aWR0aD0iMSIgaGVpZ2h0PSIxIiB4bWxucz0iaHR0cDovL3d3dy53My5vcmcvMjAwMC9zdmciPjwvc3ZnPg==\" style=\"--smush-placeholder-width: 640px; --smush-placeholder-aspect-ratio: 640\/427;\" \/><\/p>\n<div class=\"sc-content__block\">\n<p>Beyaz ten yap\u0131s\u0131, biyolojik olarak daha d\u00fc\u015f\u00fck lipid oran\u0131na ve daha ince bir epidermal tabakaya sahip. Bu dermis yap\u0131s\u0131, koku molek\u00fcllerini hapsetme kapasitesinin d\u00fc\u015f\u00fck olmas\u0131 nedeniyle parf\u00fcmlerin cilt \u00fczerindeki oksidasyon s\u00fcrecini h\u0131zland\u0131r\u0131yor. Bu nedenle beyaz tenliler i\u00e7in temel se\u00e7im stratejisi, &#8220;\u015feffafl\u0131k&#8221; ve &#8220;y\u00fcksek u\u00e7uculuk dengesi&#8221; \u00fczerine kurulu olmal\u0131.<\/p>\n<h3>Turun\u00e7gil ve Meyve Notalar\u0131n\u0131n Canland\u0131r\u0131c\u0131 G\u00fcc\u00fc<\/h3>\n<p>Beyaz tenin d\u00fc\u015f\u00fck y\u00fczey \u0131s\u0131s\u0131, u\u00e7ucu \u00fcst notalar\u0131n karakterini daha uzun s\u00fcre korumas\u0131na olanak tan\u0131yor. Bu tenlerde bergamot, limon, ye\u015fil elma ve \u015feftali gibi notalar\u0131n tercih edilme nedenleri \u015funlar oluyor:<\/p>\n<ul>\n<li><strong>Estetik senkronizasyon:<\/strong> Bu taze i\u00e7erikler, beyaz tenin ayd\u0131nl\u0131k g\u00f6rsel yans\u0131mas\u0131yla uyumlu bir koku profili olu\u015fturur.<\/li>\n<li><strong>Hafif \u00e7i\u00e7eksi parf\u00fcmler:<\/strong> Yasemin ve m\u00fcge gibi hafif floral i\u00e7erikler, ince cilt yap\u0131s\u0131nda bask\u0131nla\u015fmadan zarif bir projeksiyon sergiler.<\/li>\n<\/ul>\n<h3>Neden \u00c7ok A\u011f\u0131r Kokular Beyaz Tenlerde Bask\u0131n Kalabilir?<\/h3>\n<p>Oud, yo\u011fun deri, hayvansal notalar gibi a\u011f\u0131r molek\u00fcl a\u011f\u0131rl\u0131\u011f\u0131na sahip esanslar\u0131n beyaz ten \u00fczerinde bask\u0131n bir duru\u015f sergilemesinin teknik nedenleri bulunuyor:<\/p>\n<ul>\n<li><strong>Absorpsiyon yetersizli\u011fi:<\/strong> Beyaz tenin d\u00fc\u015f\u00fck sebum oran\u0131 a\u011f\u0131r molek\u00fclleri stabilize edemedi\u011fi i\u00e7in koku, tenle b\u00fct\u00fcnle\u015fmek yerine cildin \u00fczerinde bir &#8220;tabaka&#8221; olarak kalabilir.<\/li>\n<li><strong>Kimyasal deformasyon (Oksidasyon):<\/strong> A\u011f\u0131r notalar, beyaz tenin asidik dengesiyle birle\u015fti\u011finde orijinal karakterini kaybederek metalik veya asidik bir koku profiline d\u00f6n\u00fc\u015febilir.<\/li>\n<li><strong>Projeksiyon dengesi:<\/strong> Bask\u0131n kokular\u0131n tenin \u00f6n\u00fcne ge\u00e7mesini engellemek ad\u0131na, &#8220;transparan esanslar&#8221; kullan\u0131larak kokunun kullan\u0131c\u0131yla bir b\u00fct\u00fcn olarak alg\u0131lanmas\u0131 sa\u011flan\u0131r.<\/li>\n<\/ul>\n<h3>Pudral\u0131 ve Akuatik (Deniz Esintili) Parf\u00fcmler<\/h3>\n<p>Beyaz tenliler i\u00e7in koku piramidinde en y\u00fcksek stabiliteyi sa\u011flayan aileler akuatik ve pudra notalar\u0131d\u0131r:<\/p>\n<ul>\n<li><strong>Beyaz tenler i\u00e7in deniz tuzu &amp; yosun notalar\u0131 (Sucul notalar):<\/strong> Beyaz tenin ferah karakterini peki\u015ftirerek okyanus esintili bir tazelik sunar.<\/li>\n<li><strong>Beyaz tenler i\u00e7in m\u00fcge &amp; beyaz \u00e7i\u00e7ek notalar\u0131:<\/strong> &#8220;Safl\u0131k&#8221; ve &#8220;temizlik&#8221; alg\u0131s\u0131n\u0131, cilt y\u00fczeyinde tortu b\u0131rakmadan olu\u015fturur.<\/li>\n<li><strong>Beyaz tenler i\u00e7in beyaz misk notalar\u0131:<\/strong> Di\u011fer misk t\u00fcrlerine oranla daha hafif bir molek\u00fcl yap\u0131s\u0131na sahip oldu\u011fu i\u00e7in beyaz tenle en yumu\u015fak \u015fekilde b\u00fct\u00fcnle\u015fen &#8220;temiz cilt&#8221; akorunu sa\u011flar.<\/li>\n<\/ul>\n<table>\n<thead>\n<tr>\n<th><strong>Nota Kategorisi<\/strong><\/th>\n<th><strong>Spesifik Esans<\/strong><\/th>\n<th><strong>Neden Beyaz Ten i\u00e7in Uygun?<\/strong><\/th>\n<\/tr>\n<\/thead>\n<tbody>\n<tr>\n<td><strong>Turun\u00e7gil &amp; Meyve<\/strong><\/td>\n<td>Bergamot, ye\u015fil elma, \u015feftali<\/td>\n<td>D\u00fc\u015f\u00fck y\u00fczey \u0131s\u0131s\u0131, u\u00e7ucu \u00fcst notalar\u0131n karakterini stabilize ederek canland\u0131r\u0131c\u0131 etkinin s\u00fcresini uzat\u0131r.<\/td>\n<\/tr>\n<tr>\n<td><strong>Hafif Floral<\/strong><\/td>\n<td>Yasemin, m\u00fcge<\/td>\n<td>\u0130nce epidermal tabakada bask\u0131nla\u015fmadan, tenin g\u00f6rsel ayd\u0131nl\u0131\u011f\u0131yla estetik bir projeksiyon dengesi kurar.<\/td>\n<\/tr>\n<tr>\n<td><strong>Sucul (Akuatik)<\/strong><\/td>\n<td>Deniz Tuzu, yosun<\/td>\n<td>\u015eeffaf molek\u00fcl yap\u0131lar\u0131, beyaz tenin ferah karakterini asiditeye u\u011framadan peki\u015ftirir ve tazelik sunar.<\/td>\n<\/tr>\n<tr>\n<td><strong>Pudral\u0131 &amp; Beyaz \u00c7i\u00e7ekler<\/strong><\/td>\n<td>Beyaz \u00e7i\u00e7ekler, m\u00fcge<\/td>\n<td>Dermis y\u00fczeyinde tortu b\u0131rakmadan temizlik alg\u0131s\u0131n\u0131 peki\u015ftirir; &#8220;temiz cilt&#8221; ill\u00fczyonunu destekler.<\/td>\n<\/tr>\n<tr>\n<td><strong>Hafif Musk<\/strong><\/td>\n<td>Beyaz misk<\/td>\n<td>D\u00fc\u015f\u00fck molek\u00fcl a\u011f\u0131rl\u0131\u011f\u0131 sayesinde, d\u00fc\u015f\u00fck sebum oran\u0131na sahip ciltle en yumu\u015fak ve homojen \u015fekilde b\u00fct\u00fcnle\u015fir.<\/td>\n<\/tr>\n<\/tbody>\n<\/table>\n<\/div>\n<h2 id=\"cilt-alt-tonu-warm-cool-parfum-secimini-nasil-etkiler\">Cilt Alt Tonu (Warm\/Cool) Parf\u00fcm Se\u00e7imini Nas\u0131l Etkiler?<\/h2>\n<p><img decoding=\"async\" class=\"alignnone wp-image-40352 size-full lazyload\" data-src=\"https:\/\/www.hepsiburada.com\/hayatburada\/wp-content\/uploads\/2026\/03\/Cilt-Alt-Tonu-Warm-Cool-Parfu-m-Sec-imini-Nas-l-Etkiler.jpg\" alt=\"Cilt Alt Tonu Parf\u00fcm Se\u00e7imi\" width=\"640\" height=\"359\" data-srcset=\"https:\/\/www.hepsiburada.com\/hayatburada\/wp-content\/uploads\/2026\/03\/Cilt-Alt-Tonu-Warm-Cool-Parfu-m-Sec-imini-Nas-l-Etkiler.jpg 640w, https:\/\/www.hepsiburada.com\/hayatburada\/wp-content\/uploads\/2026\/03\/Cilt-Alt-Tonu-Warm-Cool-Parfu-m-Sec-imini-Nas-l-Etkiler-300x168.jpg 300w\" data-sizes=\"(max-width: 640px) 100vw, 640px\" src=\"data:image\/svg+xml;base64,PHN2ZyB3aWR0aD0iMSIgaGVpZ2h0PSIxIiB4bWxucz0iaHR0cDovL3d3dy53My5vcmcvMjAwMC9zdmciPjwvc3ZnPg==\" style=\"--smush-placeholder-width: 640px; --smush-placeholder-aspect-ratio: 640\/359;\" \/><\/p>\n<div class=\"sc-content__block\">\n<p>Parf\u00fcmeri d\u00fcnyas\u0131nda koku molek\u00fclleri, cildin alt tonuyla da kimyasal bir etkile\u015fime giriyor. Cilt alt tonu, kokunun cilt \u00fczerindeki tutunma kalitesini ve aromatik bile\u015fenlerin yay\u0131l\u0131m karakterini belirleyen temel de\u011fi\u015fken haline geliyor. Parf\u00fcm notalar\u0131 ve ten uyumu ara\u015ft\u0131rmas\u0131nda cilt alt tonuna da dikkat etmelisin.<\/p>\n<h3>S\u0131cak Alt Tonlar i\u00e7in Alt\u0131n Notalar (Vanilya, Tar\u00e7\u0131n)<\/h3>\n<p>Epidermal tabakan\u0131n alt\u0131ndaki pigmentasyonun sar\u0131\/alt\u0131n tonlarda olmas\u0131, damarlar\u0131n ye\u015fil g\u00f6r\u00fcnmesine neden oluyor. Bu biyolojik yap\u0131, s\u0131cak koku molek\u00fclleriyle y\u00fcksek uyumluluk g\u00f6steriyor:<\/p>\n<ul>\n<li><strong>S\u0131cak alt tonlar i\u00e7in molek\u00fcler uyumluluk (Vanilya, tar\u00e7\u0131n, kehribar):<\/strong> S\u0131cak alt tonlu ciltler, karamel ve baharatl\u0131 notalar\u0131n i\u00e7indeki \u0131s\u0131l enerjiyi stabilize ederek bu kokular\u0131n cildin bir par\u00e7as\u0131 gibi alg\u0131lanmas\u0131n\u0131 sa\u011flar.<\/li>\n<li><strong>Sonu\u00e7:<\/strong> Tatl\u0131 ve oryantal kompozisyonlar s\u0131cak alt tonlu bireylerde parf\u00fcm etkisinden ziyade, &#8220;cildin do\u011fal bir \u0131\u015f\u0131lt\u0131s\u0131 gibi&#8221; homojen bir yay\u0131l\u0131m sergiler.<\/li>\n<\/ul>\n<h3>So\u011fuk Alt Tonlar i\u00e7in G\u00fcm\u00fc\u015fi Notalar (Lavanta, Nane)<\/h3>\n<p>Damarlar\u0131n daha mavi veya mor g\u00f6r\u00fcn\u00fcyorsa so\u011fuk alt tonlu bir cildin var demektir. Damarlar\u0131n mavi veya mor g\u00f6r\u00fcn\u00fcm\u00fcyle karakterize edilen so\u011fuk alt tonlar, d\u00fc\u015f\u00fck frekansl\u0131 ve ferahlat\u0131c\u0131 molek\u00fclleri daha net bir bi\u00e7imde yans\u0131t\u0131yor:<\/p>\n<ul>\n<li><strong>So\u011fuk alt tonlar i\u00e7in gerekli aromatik so\u011fukluk (Lavanta, nane, okalipt\u00fcs):<\/strong> So\u011fuk alt tonlu ciltlerin serin yap\u0131s\u0131 nane, ard\u0131\u00e7 ve okalipt\u00fcs gibi u\u00e7ucu ve ferah notalar\u0131n keskinli\u011fini korur.<\/li>\n<li><strong>Kal\u0131c\u0131l\u0131k ve netlik:<\/strong> Meyve ve bitkisel notalar, so\u011fuk alt tonda oksidasyona u\u011framadan kristal berrakl\u0131\u011f\u0131nda bir projeksiyon sa\u011flar. Bu durum, kokunun modern ve temiz karakterini g\u00fcn boyu muhafaza etmesine neden olur.<\/li>\n<\/ul>\n<table>\n<thead>\n<tr>\n<th><strong>Cilt Alt Tonu<\/strong><\/th>\n<th><strong>Damar Rengi<\/strong><\/th>\n<th><strong>\u0130deal Nota Gruplar\u0131<\/strong><\/th>\n<th><strong>Cilt Alt Tonuna G\u00f6re Parf\u00fcm Se\u00e7menin Etkisi<\/strong><\/th>\n<\/tr>\n<\/thead>\n<tbody>\n<tr>\n<td><strong>S\u0131cak (Warm)<\/strong><\/td>\n<td>Ye\u015fil<\/td>\n<td>Vanilya, amber, tar\u00e7\u0131n<\/td>\n<td>Y\u00fcksek \u0131\u015f\u0131lt\u0131l\u0131, b\u00fct\u00fcnle\u015fik ve derin yay\u0131l\u0131m.<\/td>\n<\/tr>\n<tr>\n<td><strong>So\u011fuk (Cool)<\/strong><\/td>\n<td>Mavi \/ Mor<\/td>\n<td>Lavanta, nane, sucul notalar<\/td>\n<td>Kristalize, net ve modern yay\u0131l\u0131m.<\/td>\n<\/tr>\n<\/tbody>\n<\/table>\n<\/div>\n<h2 id=\"mevsimler-ve-ten-rengi-uyumu-2026-parfum-trendleri\">Mevsimler ve Ten Rengi Uyumu: 2026 Parf\u00fcm Trendleri<\/h2>\n<p><img decoding=\"async\" class=\"alignnone size-full wp-image-40353 lazyload\" data-src=\"https:\/\/www.hepsiburada.com\/hayatburada\/wp-content\/uploads\/2026\/03\/Mevsimler-ve-Ten-Rengi-Uyumu-2026-Parfu-m-Trendleri.jpg\" alt=\"Mevsimler ve Ten Rengi Uyumu 2026 Trendleri\" width=\"640\" height=\"427\" data-srcset=\"https:\/\/www.hepsiburada.com\/hayatburada\/wp-content\/uploads\/2026\/03\/Mevsimler-ve-Ten-Rengi-Uyumu-2026-Parfu-m-Trendleri.jpg 640w, https:\/\/www.hepsiburada.com\/hayatburada\/wp-content\/uploads\/2026\/03\/Mevsimler-ve-Ten-Rengi-Uyumu-2026-Parfu-m-Trendleri-300x200.jpg 300w\" data-sizes=\"(max-width: 640px) 100vw, 640px\" src=\"data:image\/svg+xml;base64,PHN2ZyB3aWR0aD0iMSIgaGVpZ2h0PSIxIiB4bWxucz0iaHR0cDovL3d3dy53My5vcmcvMjAwMC9zdmciPjwvc3ZnPg==\" style=\"--smush-placeholder-width: 640px; --smush-placeholder-aspect-ratio: 640\/427;\" \/><\/p>\n<div class=\"sc-content__block\">\n<p>2026 parf\u00fcm notalar\u0131 trendlerinde kokunun sadece aromatik bir tercih de\u011fil, \u00e7evresel fakt\u00f6rlerle cilt fizyolojisinin birle\u015fti\u011fi ki\u015fiselle\u015ftirilmi\u015f bir deneyim oldu\u011funu vurgulan\u0131yor. Mevsimsel de\u011fi\u015fimler, cildin y\u00fczey \u0131s\u0131s\u0131n\u0131 ve nem oran\u0131n\u0131 de\u011fi\u015ftirerek koku molek\u00fcllerinin kinetik enerjisini ve kal\u0131c\u0131l\u0131k performans\u0131n\u0131 do\u011frudan etkiliyor.<\/p>\n<h3>Yaz\u0131n Teninde Parlayacak Notalar<\/h3>\n<p>2026 yaz trendlerinde &#8220;g\u00fcne\u015f notalar\u0131&#8221;, &#8220;mineral esintiler&#8221; ve &#8220;Hindistan cevizi suyu&#8221; gibi ferahlat\u0131c\u0131 ama molek\u00fcler derinli\u011fi olan i\u00e7erikler bask\u0131n. Yaz s\u0131cakl\u0131\u011f\u0131nda artan ten \u0131s\u0131s\u0131 koku yay\u0131l\u0131m\u0131n\u0131 h\u0131zland\u0131rd\u0131\u011f\u0131 i\u00e7in \u015fu stratejiler uygulanmal\u0131:<\/p>\n<ul>\n<li><strong>Esmer tenler i\u00e7in uygun yaz notalar\u0131:<\/strong> Artan \u0131s\u0131 ile kokunun a\u011f\u0131rla\u015fmas\u0131n\u0131 \u00f6nlemek i\u00e7in ferah ama kal\u0131c\u0131 narenciyeler tercih edilmeli. Bu tenin do\u011fal ya\u011f\u0131yla birle\u015fen narenciyenin u\u00e7uculu\u011funu dengeleyerek taze bir imza b\u0131rak\u0131r.<\/li>\n<li><strong>Bu\u011fday tenler i\u00e7in uygun yaz notalar\u0131:<\/strong> 2026 yaz trendi olan mineral esintiler ve g\u00fcne\u015f notalar\u0131, bu\u011fday tenlerde en dengeli formuna kavu\u015fur. Bu\u011fday tenlerin n\u00f6tr pH yap\u0131s\u0131, bu notalar\u0131n a\u015f\u0131r\u0131 tatl\u0131la\u015fmadan veya metalikle\u015fmeden saf haliyle yay\u0131lmas\u0131n\u0131 sa\u011flar.<\/li>\n<li><strong>Beyaz tenler i\u00e7in uygun yaz notalar\u0131:<\/strong> S\u0131cak havada kuruyan cilt yap\u0131s\u0131n\u0131 desteklemek ad\u0131na meyvemsi akuatikler kullan\u0131lmal\u0131. Bu notalar, d\u00fc\u015f\u00fck y\u00fczey \u0131s\u0131s\u0131nda bile maksimum ferahl\u0131k ve \u015feffaf bir projeksiyon sunar.<\/li>\n<\/ul>\n<h3>K\u0131\u015f\u0131n Tenini Is\u0131tacak Yo\u011fun Esanslar<\/h3>\n<p>D\u00fc\u015fen hava s\u0131cakl\u0131\u011f\u0131 cilt y\u00fczeyindeki molek\u00fcler hareketlili\u011fi yava\u015flat\u0131yor. Kokunun k\u0131\u015f\u0131n &#8220;canl\u0131&#8221; kalabilmesi i\u00e7in daha y\u00fcksek viskoziteye sahip <a href=\"https:\/\/www.hepsiburada.com\/erkek-parfumler-c-32010683?filtreler=1382_dp:EDP\">Eau de Parfum<\/a> ve Extrait de Parfum gibi yo\u011fun esanslar tercih edilmeli:<\/p>\n<ul>\n<li><strong>Esmer tenler i\u00e7in uygun k\u0131\u015f notalar\u0131:<\/strong> Esmer tenlerin k\u0131\u015f aylar\u0131nda so\u011fuyan yap\u0131s\u0131 yo\u011fun baharatlar, oud ve deri notalar\u0131yla m\u00fckemmel bir uyum yakalar. Ciltteki lipid oran\u0131, bu a\u011f\u0131r molek\u00fclleri stabilize ederek kokunun k\u0131\u015f\u0131n bile bas\u0131k kalmamas\u0131n\u0131 ve ten \u0131s\u0131s\u0131yla etkileyici bir \u015fekilde yay\u0131lmas\u0131n\u0131 sa\u011flar.<\/li>\n<li><strong>Bu\u011fday tenler i\u00e7in uygun k\u0131\u015f notalar\u0131:<\/strong> Bu\u011fday tenin dengeli yap\u0131s\u0131 k\u0131\u015f\u0131n vetiver, kakule, sedir gibi baharatl\u0131 odunsu kar\u0131\u015f\u0131mlar\u0131n ciltte oksidasyona u\u011framadan uzun s\u00fcre kalmas\u0131na olanak tan\u0131r. Bu k\u0131\u015f aylar\u0131nda hem profesyonel hem de s\u0131cak bir imaj yaratmay\u0131 sa\u011flar.<\/li>\n<li><strong>Beyaz tenler i\u00e7in uygun k\u0131\u015f notalar\u0131:<\/strong> Normalde a\u011f\u0131r kokular\u0131 ta\u015f\u0131makta zorlanan beyaz tenliler, k\u0131\u015f\u0131n d\u00fc\u015f\u00fck \u0131s\u0131 avantaj\u0131n\u0131 kullanarak daha yo\u011fun notalara y\u00f6nelebilir. D\u00fc\u015f\u00fck ortam \u0131s\u0131s\u0131, yo\u011fun molek\u00fcllerin asidik tarafa kaymas\u0131n\u0131 \u00f6nleyerek cilt \u00fczerinde daha kontroll\u00fc ve s\u0131cak bir aura sergilemesini sa\u011flar.<\/li>\n<\/ul>\n<\/div>\n<h2 id=\"sikca-sorulan-sorular\">S\u0131k\u00e7a Sorulan Sorular<\/h2>\n<p><img decoding=\"async\" class=\"alignnone wp-image-40357 lazyload\" data-src=\"https:\/\/www.hepsiburada.com\/hayatburada\/wp-content\/uploads\/2026\/03\/Parfum-Secimi-Merak-Edilenler-1024x610.jpg\" alt=\"Parf\u00fcm Se\u00e7imi Hakk\u0131nda Merak Edilenler\" width=\"640\" height=\"381\" data-srcset=\"https:\/\/www.hepsiburada.com\/hayatburada\/wp-content\/uploads\/2026\/03\/Parfum-Secimi-Merak-Edilenler-1024x610.jpg 1024w, https:\/\/www.hepsiburada.com\/hayatburada\/wp-content\/uploads\/2026\/03\/Parfum-Secimi-Merak-Edilenler-300x179.jpg 300w, https:\/\/www.hepsiburada.com\/hayatburada\/wp-content\/uploads\/2026\/03\/Parfum-Secimi-Merak-Edilenler-768x457.jpg 768w, https:\/\/www.hepsiburada.com\/hayatburada\/wp-content\/uploads\/2026\/03\/Parfum-Secimi-Merak-Edilenler-1536x915.jpg 1536w\" data-sizes=\"(max-width: 640px) 100vw, 640px\" src=\"data:image\/svg+xml;base64,PHN2ZyB3aWR0aD0iMSIgaGVpZ2h0PSIxIiB4bWxucz0iaHR0cDovL3d3dy53My5vcmcvMjAwMC9zdmciPjwvc3ZnPg==\" style=\"--smush-placeholder-width: 640px; --smush-placeholder-aspect-ratio: 640\/381;\" \/><\/p>\n<div class=\"sc-content__block\">\n<div class=\"sc-content__faq\">\n<h3 class=\"sc-content__faq-title\">Koyu Tenli Ki\u015filer Neden Daha A\u011f\u0131r Parf\u00fcmleri Tercih Edebilir?<\/h3>\n<div class=\"sc-content__faq-description\">\n<p>Koyu tenli ki\u015filerin cilt yap\u0131s\u0131 genellikle daha fazla do\u011fal ya\u011f \u00fcretti\u011fi ve daha geni\u015f g\u00f6zenekli bir dokuya sahip oldu\u011fu i\u00e7in, a\u011f\u0131r esanslar\u0131 hapsetme ve zamanla dengeli bir \u015fekilde yayma konusunda \u00e7ok daha ba\u015far\u0131l\u0131 oluyor.<\/p>\n<p>Hafif ve u\u00e7ucu kokular koyu tenlerde bazen \u00e7ok \u00e7abuk kaybolabilirken; oryantal, odunsu ve <a href=\"https:\/\/www.hepsiburada.com\/parfumler-c-341406?filtreler=kokutipi:Baharatl%E2%82%ACC4%E2%82%ACB1\">baharatl\u0131 parf\u00fcmler<\/a> bu ten yap\u0131s\u0131nda g\u00fcn boyu performans sergileyen muazzam bir derinlik kazan\u0131yor.<\/p>\n<p><strong>Koyu tenlerin tercih etmesi gereken performans\u0131 y\u00fcksek nota gruplar\u0131:<\/strong><\/p>\n<ul>\n<li><strong>Re\u00e7ineler:<\/strong> Kehribar (amber), m\u00fcr ve \u00f6d a\u011fac\u0131.<\/li>\n<li><strong>Baharatlar:<\/strong> Tar\u00e7\u0131n, kakule ve karanfil.<\/li>\n<li><strong>Yo\u011fun \u00e7i\u00e7ekler:<\/strong> Siyah orkide ve gece yasemini.<\/li>\n<\/ul>\n<\/div>\n<\/div>\n<div class=\"sc-content__faq\">\n<h3 class=\"sc-content__faq-title\">Parf\u00fcm\u00fcn Kal\u0131c\u0131l\u0131\u011f\u0131n\u0131 Art\u0131rmak i\u00e7in Ten Rengi mi Cilt Tipi mi Daha \u00d6nemlidir?<\/h3>\n<div class=\"sc-content__faq-description\">\n<p>Kal\u0131c\u0131l\u0131k konusunda cilt tipi, ten renginden \u00e7ok daha belirleyici ve teknik bir rol oynuyor. Ten rengi cildin genel karakteri hakk\u0131nda ipucu verse de, kokunun molek\u00fcler olarak cilde ne kadar s\u00fcre tutunaca\u011f\u0131n\u0131 do\u011frudan cildin nem ve ya\u011f oran\u0131 belirliyor.<\/p>\n<p>Ya\u011fl\u0131 ciltler koku molek\u00fcllerini bir s\u00fcnger gibi emerken, kuru ciltlerde bu molek\u00fcller tutunacak bir y\u00fczey bulamad\u0131\u011f\u0131 i\u00e7in h\u0131zla havaya kar\u0131\u015f\u0131yor. \u0130deal kal\u0131c\u0131l\u0131k i\u00e7in cilt tipine g\u00f6re \u015fu stratejileri uygulamal\u0131s\u0131n:<\/p>\n<table>\n<thead>\n<tr>\n<th><strong>Cilt Tipi<\/strong><\/th>\n<th><strong>Parf\u00fcm\u00fcn Kal\u0131c\u0131l\u0131k S\u00fcresine Etkisi<\/strong><\/th>\n<th><strong>Cilt Tipine G\u00f6re Parf\u00fcm\u00fcn Kal\u0131c\u0131l\u0131\u011f\u0131 Art\u0131rmak i\u00e7in \u00c7\u00f6z\u00fcm \u00d6nerimiz<\/strong><\/th>\n<\/tr>\n<\/thead>\n<tbody>\n<tr>\n<td><strong>Kuru Cilt<\/strong><\/td>\n<td>Koku \u00e7ok \u00e7abuk u\u00e7uyor.<\/td>\n<td>Parf\u00fcm \u00f6ncesi kokusuz losyon veya vazelin s\u00fcr.<\/td>\n<\/tr>\n<tr>\n<td><strong>Ya\u011fl\u0131 Cilt<\/strong><\/td>\n<td>Koku zamanla a\u011f\u0131rla\u015fabiliyor.<\/td>\n<td>Daha taze ve hafif\/aromatik notalar se\u00e7.<\/td>\n<\/tr>\n<tr>\n<td><strong>Karma Cilt<\/strong><\/td>\n<td>Kal\u0131c\u0131l\u0131k b\u00f6lgeye g\u00f6re de\u011fi\u015fiyor.<\/td>\n<td>Bilek ve boyun gibi nab\u0131z noktalar\u0131na odaklanarak uygula.<\/td>\n<\/tr>\n<\/tbody>\n<\/table>\n<\/div>\n<\/div>\n<div class=\"sc-content__faq\">\n<h3 class=\"sc-content__faq-title\">Esmerler i\u00e7in En \u0130yi Yaz Parf\u00fcm\u00fc Hangisidir?<\/h3>\n<div class=\"sc-content__faq-description\">\n<p>Esmer tenli bireyler i\u00e7in ideal yaz parf\u00fcm\u00fc y\u00fcksek volatiliteli \u00fcst notalar ile tenin termal enerjisini stabilize edecek orta\/alt notalar\u0131n hibrit birle\u015fimidir.<\/p>\n<ul>\n<li><strong>Sorun:<\/strong> Esmer tenin y\u00fcksek lipid oran\u0131, sadece su veya tekil narenciye i\u00e7eren hafif parf\u00fcmlerin ciltte s\u00f6n\u00fck kalmas\u0131na ve projeksiyon g\u00fcc\u00fcn\u00fcn d\u00fc\u015f\u00fck olmas\u0131na neden olur.<\/li>\n<li><strong>\u00c7\u00f6z\u00fcm:<\/strong> Maksimum verim i\u00e7in narenciye a\u00e7\u0131l\u0131\u015fl\u0131, ancak alt katmanlar\u0131nda zencefil, ki\u015fni\u015f veya vetiver gibi termo-aktif bile\u015fenlerle desteklenmi\u015f kompozisyonlar tercih edilmelidir.<\/li>\n<\/ul>\n<table>\n<thead>\n<tr>\n<th colspan=\"3\"><strong>Esmer Ten i\u00e7in Yaz Nota Kombinasyonlar\u0131 ve Fonksiyonlar\u0131<\/strong><\/th>\n<\/tr>\n<tr>\n<th><strong>Nota Kombinasyonu<\/strong><\/th>\n<th><strong>Teknik \u0130\u015flev<\/strong><\/th>\n<th><strong>Duyusal Sonu\u00e7<\/strong><\/th>\n<\/tr>\n<\/thead>\n<tbody>\n<tr>\n<td><strong>Bergamot &amp; Kakule<\/strong><\/td>\n<td>So\u011fuk baharat (kakule), narenciyenin u\u00e7uculu\u011funu frenleyerek kal\u0131c\u0131l\u0131\u011f\u0131 optimize eder.<\/td>\n<td>Hem serinletici hem de karakterini g\u00fcn boyu koruyan bir imza.<\/td>\n<\/tr>\n<tr>\n<td><strong>\u0130ncir &amp; Odunsu Notalar<\/strong><\/td>\n<td>\u0130ncirin meyvemsi s\u00fct\u00fc, esmer tenin lipid tabakas\u0131yla birle\u015ferek buharla\u015fmay\u0131 yava\u015flat\u0131r.<\/td>\n<td>Ten\u0131n do\u011fal s\u0131cakl\u0131\u011f\u0131yla b\u00fct\u00fcnle\u015fen kremsi ve l\u00fcks bir ferahl\u0131k.<\/td>\n<\/tr>\n<tr>\n<td><strong>Greyfurt &amp; Vetiver<\/strong><\/td>\n<td>Vetiverin topraks\u0131 molek\u00fclleri, greyfurtun asiditesini esmer tende stabilize eder.<\/td>\n<td>Yaz\u0131n en y\u00fcksek projeksiyon ve enerji sunan kal\u0131c\u0131 kombinasyonu.<\/td>\n<\/tr>\n<\/tbody>\n<\/table>\n<\/div>\n<\/div>\n<div class=\"sc-content__faq\">\n<h3 class=\"sc-content__faq-title\">Beyaz Tenlilerde Kal\u0131c\u0131 Olan Notalar Nelerdir?<\/h3>\n<div class=\"sc-content__faq-description\">\n<p>Beyaz tende kal\u0131c\u0131l\u0131\u011f\u0131 sa\u011flaman\u0131n temel stratejisi, a\u011f\u0131r molek\u00fcller kullanmak yerine &#8220;molek\u00fcler tutunma kabiliyeti y\u00fcksek&#8221; ve &#8220;oksidasyon direnci g\u00fc\u00e7l\u00fc&#8221; transparan notalara y\u00f6nelmektir. \u00c7\u00fcnk\u00fc beyaz biyolojik olarak daha d\u00fc\u015f\u00fck lipid oran\u0131na ve ince bir epidermal tabakaya sahip oldu\u011fu i\u00e7in koku molek\u00fcllerini hapsetme kapasitesi s\u0131n\u0131rl\u0131d\u0131r.<\/p>\n<p><strong>Beyaz tenlerin tercih etmesi gereken performans\u0131 y\u00fcksek nota gruplar\u0131:<\/strong><\/p>\n<ul>\n<li><strong>Beyaz misk:<\/strong> D\u00fc\u015f\u00fck molek\u00fcl a\u011f\u0131rl\u0131\u011f\u0131na ra\u011fmen, beyaz tenin do\u011fal kokusuna en yak\u0131n uyumu g\u00f6steren i\u00e7eriktir. Cilt y\u00fczeyinde temiz bir katman olu\u015fturarak en uzun s\u00fcreli tutunmay\u0131 sa\u011flar.<\/li>\n<li><strong>Sedir a\u011fac\u0131:<\/strong> A\u011f\u0131r odunsu notalar\u0131n aksine, beyaz tende metalikle\u015fmeden kalan zarif bir molek\u00fcler yap\u0131ya sahiptir. Hafifli\u011fi sayesinde tenin \u00f6n\u00fcne ge\u00e7mez ancak baz notalarda kal\u0131c\u0131l\u0131\u011f\u0131 stabilize eder.<\/li>\n<li><strong>\u0130ris \u00e7i\u00e7e\u011fi:<\/strong> Pudral\u0131 molek\u00fcller, kuru cilt y\u00fczeyine fiziksel olarak daha iyi tutunma \u00f6zelli\u011fi g\u00f6sterir. Bu durum, kokunun buharla\u015fma h\u0131z\u0131n\u0131 yava\u015flatarak l\u00fcks ve kal\u0131c\u0131 bir biti\u015f sa\u011flar.<\/li>\n<\/ul>\n<\/div>\n<\/div>\n<div class=\"sc-content__faq\">\n<h3 class=\"sc-content__faq-title\">Tenime Uygun Parf\u00fcm\u00fc Bulmak i\u00e7in Ka\u00e7 Saat Beklemeliyim?<\/h3>\n<div class=\"sc-content__faq-description\">\n<p>Tenine en uygun parf\u00fcm\u00fc anlamak i\u00e7in kokuyu s\u0131kt\u0131ktan sonra en az 4 ila 6 saat aras\u0131 bir zaman dilimini g\u00f6zlemlemeni \u00f6neriyoruz.<\/p>\n<p><strong>Do\u011fru Parf\u00fcme Karar Verme S\u00fcreci i\u00e7in Zaman \u00c7izelgesi:<\/strong><\/p>\n<ul>\n<li><strong>0-15 dakika:<\/strong> Sadece ilk izlenimi al\u0131rs\u0131n ve yan\u0131lt\u0131c\u0131 olabilir.<\/li>\n<li><strong>30 dakika &#8211; 2 saat:<\/strong> Parf\u00fcm\u00fcn as\u0131l karakterini yani kalp notas\u0131n\u0131 duyars\u0131n.<\/li>\n<li><strong>4. Saat ve sonras\u0131:<\/strong> Parf\u00fcm\u00fcn senin tenindeki ger\u00e7ek kal\u0131c\u0131l\u0131\u011f\u0131n\u0131 ve as\u0131l kokusunu yani alt notalar\u0131 test edersin.<\/li>\n<\/ul>\n<\/div>\n<\/div>\n<p><strong>Hepsiburada&#8217;da tenine en \u00e7ok yak\u0131\u015facak, imzan haline gelecek o \u00f6zel parf\u00fcm\u00fc bulmak i\u00e7in koku ailelerine g\u00f6re filtreleme yapabilir, 2026&#8217;n\u0131n en trend esanslar\u0131n\u0131 ke\u015ffedebilirsin. Unutma, do\u011fru parf\u00fcm sadece seninle b\u00fct\u00fcnle\u015fti\u011finde ger\u00e7ek bir sanata d\u00f6n\u00fc\u015f\u00fcr!<\/strong><\/p>\n<p>&nbsp;<\/p>\n<p>&nbsp;<\/p>\n<p><em>Hayatburada\u2019da yer alan bu i\u00e7erik ticari ilan, reklam niteli\u011fi ta\u015f\u0131r.<\/em><\/p>\n<p><script type=\"application\/ld+json\">\n    {\n        \"@context\": \"https:\/\/schema.org\",\n        \"@type\": \"FAQPage\",\n        \"mainEntity\": [\n        {\n            \"@type\": \"Question\",\n            \"name\": \"Koyu Tenli Ki\u015filer Neden Daha A\u011f\u0131r Parf\u00fcmleri Tercih Edebilir?\",\n            \"acceptedAnswer\": {\n            \"@type\": \"Answer\",\n            \"text\": \"Koyu tenli ki\u015filerin cilt yap\u0131s\u0131 genellikle daha fazla do\u011fal ya\u011f \u00fcretti\u011fi ve daha geni\u015f g\u00f6zenekli bir dokuya sahip oldu\u011fu i\u00e7in, a\u011f\u0131r esanslar\u0131 hapsetme ve zamanla dengeli bir \u015fekilde yayma konusunda \u00e7ok daha ba\u015far\u0131l\u0131 oluyor.\"\n            }\n        },\n        {\n            \"@type\": \"Question\",\n            \"name\": \"Parf\u00fcm\u00fcn Kal\u0131c\u0131l\u0131\u011f\u0131n\u0131 Art\u0131rmak i\u00e7in Ten Rengi mi Cilt Tipi mi Daha \u00d6nemlidir?\",\n            \"acceptedAnswer\": {\n            \"@type\": \"Answer\",\n            \"text\": \"Kal\u0131c\u0131l\u0131k konusunda cilt tipi, ten renginden \u00e7ok daha belirleyici ve teknik bir rol oynuyor. Kokunun molek\u00fcler olarak cilde ne kadar s\u00fcre tutunaca\u011f\u0131n\u0131 do\u011frudan cildin nem ve ya\u011f oran\u0131 belirliyor.\"\n            }\n        },\n        {\n            \"@type\": \"Question\",\n            \"name\": \"Esmerler i\u00e7in En \u0130yi Yaz Parf\u00fcm\u00fc Hangisidir?\",\n            \"acceptedAnswer\": {\n            \"@type\": \"Answer\",\n            \"text\": \"Esmer tenli bireyler i\u00e7in ideal yaz parf\u00fcm\u00fc y\u00fcksek volatiliteli \u00fcst notalar ile tenin termal enerjisini stabilize edecek orta\/alt notalar\u0131n hibrit birle\u015fimidir.\"\n            }\n        },\n        {\n            \"@type\": \"Question\",\n            \"name\": \"Beyaz Tenlilerde Kal\u0131c\u0131 Olan Notalar Nelerdir?\",\n            \"acceptedAnswer\": {\n            \"@type\": \"Answer\",\n            \"text\": \"Beyaz tende kal\u0131c\u0131l\u0131\u011f\u0131 sa\u011flaman\u0131n temel stratejisi, a\u011f\u0131r molek\u00fcller kullanmak yerine molek\u00fcler tutunma kabiliyeti y\u00fcksek ve oksidasyon direnci g\u00fc\u00e7l\u00fc transparan notalara y\u00f6nelmektir.\"\n            }\n        },\n        {\n            \"@type\": \"Question\",\n            \"name\": \"Tenime Uygun Parf\u00fcm\u00fc Bulmak i\u00e7in Ka\u00e7 Saat Beklemeliyim?\",\n            \"acceptedAnswer\": {\n            \"@type\": \"Answer\",\n            \"text\": \"Tenine en uygun parf\u00fcm\u00fc anlamak i\u00e7in kokuyu s\u0131kt\u0131ktan sonra en az 4 ila 6 saat aras\u0131 bir zaman dilimini g\u00f6zlemlemeni \u00f6neriyoruz.\"\n            }\n        }\n        ]\n    }\n    <\/script><\/p>\n<\/div>\n<\/div>\n<\/div>\n","protected":false},"excerpt":{"rendered":"<p>Ten Rengine G\u00f6re Parf\u00fcm Se\u00e7imi: Koku ve Cilt Kimyas\u0131 Esmer Tenler i\u00e7in Parf\u00fcm \u00d6nerileri: Oryantal ve Odunsu Esintiler Bu\u011fday Tenliler [&hellip;]<\/p>\n","protected":false},"author":10,"featured_media":40348,"comment_status":"closed","ping_status":"open","sticky":false,"template":"","format":"standard","meta":{"footnotes":""},"categories":[153],"tags":[],"class_list":["post-40356","post","type-post","status-publish","format-standard","has-post-thumbnail","hentry","category-guzellik-bakim"],"yoast_head":"<!-- This site is optimized with the Yoast SEO Premium plugin v26.8 (Yoast SEO v27.5) - https:\/\/yoast.com\/product\/yoast-seo-premium-wordpress\/ -->\n<title>Ten Rengine G\u00f6re Parf\u00fcm Se\u00e7imi Nas\u0131l Yap\u0131l\u0131r? - Hayatburada<\/title>\n<meta name=\"description\" content=\"Esmer, bu\u011fday ve beyaz tenli kad\u0131n ve erkekler i\u00e7in parf\u00fcm se\u00e7imi. Cilt alt tonu, ten rengi ve 2026 koku trendleriyle parf\u00fcm \u00f6nerileri Hayatburada\u2019da!\" \/>\n<meta name=\"robots\" content=\"index, follow, max-snippet:-1, max-image-preview:large, max-video-preview:-1\" \/>\n<link rel=\"canonical\" href=\"https:\/\/www.hepsiburada.com\/hayatburada\/ten-rengine-gore-parfum-secimi-nasil-yapilir\/\" \/>\n<meta property=\"og:locale\" content=\"tr_TR\" \/>\n<meta property=\"og:type\" content=\"article\" \/>\n<meta property=\"og:title\" content=\"Ten Rengine G\u00f6re Parf\u00fcm Se\u00e7imi Nas\u0131l Yap\u0131l\u0131r?\" \/>\n<meta property=\"og:description\" content=\"Ten Rengine G\u00f6re Parf\u00fcm Se\u00e7imi: Koku ve Cilt Kimyas\u0131 Esmer Tenler i\u00e7in Parf\u00fcm \u00d6nerileri: Oryantal ve Odunsu Esintiler Bu\u011fday Tenliler i\u00e7in Parf\u00fcm Rehberi:\" \/>\n<meta property=\"og:url\" content=\"https:\/\/www.hepsiburada.com\/hayatburada\/ten-rengine-gore-parfum-secimi-nasil-yapilir\/\" \/>\n<meta property=\"og:site_name\" content=\"Hayatburada\" \/>\n<meta property=\"article:published_time\" content=\"2026-03-13T06:48:22+00:00\" \/>\n<meta property=\"article:modified_time\" content=\"2026-03-13T09:37:22+00:00\" \/>\n<meta property=\"og:image\" content=\"https:\/\/www.hepsiburada.com\/hayatburada\/wp-content\/uploads\/2026\/03\/Ten-Rengine-Go-re-Parfu-m-Sec-imi-Nas-l-Yap-l-r.jpg\" \/>\n\t<meta property=\"og:image:width\" content=\"640\" \/>\n\t<meta property=\"og:image:height\" content=\"427\" \/>\n\t<meta property=\"og:image:type\" content=\"image\/jpeg\" \/>\n<meta name=\"author\" content=\"Hepsiburada Yazar\" \/>\n<meta name=\"twitter:card\" content=\"summary_large_image\" \/>\n<meta name=\"twitter:label1\" content=\"Yazan:\" \/>\n\t<meta name=\"twitter:data1\" content=\"Hepsiburada Yazar\" \/>\n\t<meta name=\"twitter:label2\" content=\"Tahmini okuma s\u00fcresi\" \/>\n\t<meta name=\"twitter:data2\" content=\"20 dakika\" \/>\n<script type=\"application\/ld+json\" class=\"yoast-schema-graph\">{\"@context\":\"https:\\\/\\\/schema.org\",\"@graph\":[{\"@type\":\"Article\",\"@id\":\"https:\\\/\\\/www.hepsiburada.com\\\/hayatburada\\\/ten-rengine-gore-parfum-secimi-nasil-yapilir\\\/#article\",\"isPartOf\":{\"@id\":\"https:\\\/\\\/www.hepsiburada.com\\\/hayatburada\\\/ten-rengine-gore-parfum-secimi-nasil-yapilir\\\/\"},\"author\":{\"name\":\"Hepsiburada Yazar\",\"@id\":\"https:\\\/\\\/www.hepsiburada.com\\\/hayatburada\\\/#\\\/schema\\\/person\\\/c94ba56ae2bcf8e4a5ceb545d1335d30\"},\"headline\":\"Ten Rengine G\u00f6re Parf\u00fcm Se\u00e7imi Nas\u0131l Yap\u0131l\u0131r?\",\"datePublished\":\"2026-03-13T06:48:22+00:00\",\"dateModified\":\"2026-03-13T09:37:22+00:00\",\"mainEntityOfPage\":{\"@id\":\"https:\\\/\\\/www.hepsiburada.com\\\/hayatburada\\\/ten-rengine-gore-parfum-secimi-nasil-yapilir\\\/\"},\"wordCount\":4035,\"image\":{\"@id\":\"https:\\\/\\\/www.hepsiburada.com\\\/hayatburada\\\/ten-rengine-gore-parfum-secimi-nasil-yapilir\\\/#primaryimage\"},\"thumbnailUrl\":\"https:\\\/\\\/www.hepsiburada.com\\\/hayatburada\\\/wp-content\\\/uploads\\\/2026\\\/03\\\/Ten-Rengine-Go-re-Parfu-m-Sec-imi-Nas-l-Yap-l-r.jpg\",\"articleSection\":[\"G\u00fczellik &amp; Bak\u0131m\"],\"inLanguage\":\"tr\"},{\"@type\":\"WebPage\",\"@id\":\"https:\\\/\\\/www.hepsiburada.com\\\/hayatburada\\\/ten-rengine-gore-parfum-secimi-nasil-yapilir\\\/\",\"url\":\"https:\\\/\\\/www.hepsiburada.com\\\/hayatburada\\\/ten-rengine-gore-parfum-secimi-nasil-yapilir\\\/\",\"name\":\"Ten Rengine G\u00f6re Parf\u00fcm Se\u00e7imi Nas\u0131l Yap\u0131l\u0131r? - Hayatburada\",\"isPartOf\":{\"@id\":\"https:\\\/\\\/www.hepsiburada.com\\\/hayatburada\\\/#website\"},\"primaryImageOfPage\":{\"@id\":\"https:\\\/\\\/www.hepsiburada.com\\\/hayatburada\\\/ten-rengine-gore-parfum-secimi-nasil-yapilir\\\/#primaryimage\"},\"image\":{\"@id\":\"https:\\\/\\\/www.hepsiburada.com\\\/hayatburada\\\/ten-rengine-gore-parfum-secimi-nasil-yapilir\\\/#primaryimage\"},\"thumbnailUrl\":\"https:\\\/\\\/www.hepsiburada.com\\\/hayatburada\\\/wp-content\\\/uploads\\\/2026\\\/03\\\/Ten-Rengine-Go-re-Parfu-m-Sec-imi-Nas-l-Yap-l-r.jpg\",\"datePublished\":\"2026-03-13T06:48:22+00:00\",\"dateModified\":\"2026-03-13T09:37:22+00:00\",\"author\":{\"@id\":\"https:\\\/\\\/www.hepsiburada.com\\\/hayatburada\\\/#\\\/schema\\\/person\\\/c94ba56ae2bcf8e4a5ceb545d1335d30\"},\"description\":\"Esmer, bu\u011fday ve beyaz tenli kad\u0131n ve erkekler i\u00e7in parf\u00fcm se\u00e7imi. Cilt alt tonu, ten rengi ve 2026 koku trendleriyle parf\u00fcm \u00f6nerileri Hayatburada\u2019da!\",\"breadcrumb\":{\"@id\":\"https:\\\/\\\/www.hepsiburada.com\\\/hayatburada\\\/ten-rengine-gore-parfum-secimi-nasil-yapilir\\\/#breadcrumb\"},\"inLanguage\":\"tr\",\"potentialAction\":[{\"@type\":\"ReadAction\",\"target\":[\"https:\\\/\\\/www.hepsiburada.com\\\/hayatburada\\\/ten-rengine-gore-parfum-secimi-nasil-yapilir\\\/\"]}]},{\"@type\":\"ImageObject\",\"inLanguage\":\"tr\",\"@id\":\"https:\\\/\\\/www.hepsiburada.com\\\/hayatburada\\\/ten-rengine-gore-parfum-secimi-nasil-yapilir\\\/#primaryimage\",\"url\":\"https:\\\/\\\/www.hepsiburada.com\\\/hayatburada\\\/wp-content\\\/uploads\\\/2026\\\/03\\\/Ten-Rengine-Go-re-Parfu-m-Sec-imi-Nas-l-Yap-l-r.jpg\",\"contentUrl\":\"https:\\\/\\\/www.hepsiburada.com\\\/hayatburada\\\/wp-content\\\/uploads\\\/2026\\\/03\\\/Ten-Rengine-Go-re-Parfu-m-Sec-imi-Nas-l-Yap-l-r.jpg\",\"width\":640,\"height\":427,\"caption\":\"Ten Rengine G\u00f6re Parf\u00fcm Se\u00e7imi Nas\u0131l Yap\u0131l\u0131r?\"},{\"@type\":\"BreadcrumbList\",\"@id\":\"https:\\\/\\\/www.hepsiburada.com\\\/hayatburada\\\/ten-rengine-gore-parfum-secimi-nasil-yapilir\\\/#breadcrumb\",\"itemListElement\":[{\"@type\":\"ListItem\",\"position\":1,\"name\":\"Anasayfa\",\"item\":\"https:\\\/\\\/www.hepsiburada.com\\\/hayatburada\\\/\"},{\"@type\":\"ListItem\",\"position\":2,\"name\":\"Ten Rengine G\u00f6re Parf\u00fcm Se\u00e7imi Nas\u0131l Yap\u0131l\u0131r?\"}]},{\"@type\":\"WebSite\",\"@id\":\"https:\\\/\\\/www.hepsiburada.com\\\/hayatburada\\\/#website\",\"url\":\"https:\\\/\\\/www.hepsiburada.com\\\/hayatburada\\\/\",\"name\":\"Hayatburada\",\"description\":\"\",\"potentialAction\":[{\"@type\":\"SearchAction\",\"target\":{\"@type\":\"EntryPoint\",\"urlTemplate\":\"https:\\\/\\\/www.hepsiburada.com\\\/hayatburada\\\/?s={search_term_string}\"},\"query-input\":{\"@type\":\"PropertyValueSpecification\",\"valueRequired\":true,\"valueName\":\"search_term_string\"}}],\"inLanguage\":\"tr\"},{\"@type\":\"Person\",\"@id\":\"https:\\\/\\\/www.hepsiburada.com\\\/hayatburada\\\/#\\\/schema\\\/person\\\/c94ba56ae2bcf8e4a5ceb545d1335d30\",\"name\":\"Hepsiburada Yazar\",\"image\":{\"@type\":\"ImageObject\",\"inLanguage\":\"tr\",\"@id\":\"https:\\\/\\\/secure.gravatar.com\\\/avatar\\\/c3e2a7528fe96a571a4a1beb87c4bfa2e8b35a35a01192565deb75b988fef3da?s=96&d=mm&r=g\",\"url\":\"https:\\\/\\\/secure.gravatar.com\\\/avatar\\\/c3e2a7528fe96a571a4a1beb87c4bfa2e8b35a35a01192565deb75b988fef3da?s=96&d=mm&r=g\",\"contentUrl\":\"https:\\\/\\\/secure.gravatar.com\\\/avatar\\\/c3e2a7528fe96a571a4a1beb87c4bfa2e8b35a35a01192565deb75b988fef3da?s=96&d=mm&r=g\",\"caption\":\"Hepsiburada Yazar\"},\"url\":\"https:\\\/\\\/www.hepsiburada.com\\\/hayatburada\\\/author\\\/duygu-garip\\\/\"}]}<\/script>\n<!-- \/ Yoast SEO Premium plugin. -->","yoast_head_json":{"title":"Ten Rengine G\u00f6re Parf\u00fcm Se\u00e7imi Nas\u0131l Yap\u0131l\u0131r? - Hayatburada","description":"Esmer, bu\u011fday ve beyaz tenli kad\u0131n ve erkekler i\u00e7in parf\u00fcm se\u00e7imi. Cilt alt tonu, ten rengi ve 2026 koku trendleriyle parf\u00fcm \u00f6nerileri Hayatburada\u2019da!","robots":{"index":"index","follow":"follow","max-snippet":"max-snippet:-1","max-image-preview":"max-image-preview:large","max-video-preview":"max-video-preview:-1"},"canonical":"https:\/\/www.hepsiburada.com\/hayatburada\/ten-rengine-gore-parfum-secimi-nasil-yapilir\/","og_locale":"tr_TR","og_type":"article","og_title":"Ten Rengine G\u00f6re Parf\u00fcm Se\u00e7imi Nas\u0131l Yap\u0131l\u0131r?","og_description":"Ten Rengine G\u00f6re Parf\u00fcm Se\u00e7imi: Koku ve Cilt Kimyas\u0131 Esmer Tenler i\u00e7in Parf\u00fcm \u00d6nerileri: Oryantal ve Odunsu Esintiler Bu\u011fday Tenliler i\u00e7in Parf\u00fcm Rehberi:","og_url":"https:\/\/www.hepsiburada.com\/hayatburada\/ten-rengine-gore-parfum-secimi-nasil-yapilir\/","og_site_name":"Hayatburada","article_published_time":"2026-03-13T06:48:22+00:00","article_modified_time":"2026-03-13T09:37:22+00:00","og_image":[{"width":640,"height":427,"url":"https:\/\/www.hepsiburada.com\/hayatburada\/wp-content\/uploads\/2026\/03\/Ten-Rengine-Go-re-Parfu-m-Sec-imi-Nas-l-Yap-l-r.jpg","type":"image\/jpeg"}],"author":"Hepsiburada Yazar","twitter_card":"summary_large_image","twitter_misc":{"Yazan:":"Hepsiburada Yazar","Tahmini okuma s\u00fcresi":"20 dakika"},"schema":{"@context":"https:\/\/schema.org","@graph":[{"@type":"Article","@id":"https:\/\/www.hepsiburada.com\/hayatburada\/ten-rengine-gore-parfum-secimi-nasil-yapilir\/#article","isPartOf":{"@id":"https:\/\/www.hepsiburada.com\/hayatburada\/ten-rengine-gore-parfum-secimi-nasil-yapilir\/"},"author":{"name":"Hepsiburada Yazar","@id":"https:\/\/www.hepsiburada.com\/hayatburada\/#\/schema\/person\/c94ba56ae2bcf8e4a5ceb545d1335d30"},"headline":"Ten Rengine G\u00f6re Parf\u00fcm Se\u00e7imi Nas\u0131l Yap\u0131l\u0131r?","datePublished":"2026-03-13T06:48:22+00:00","dateModified":"2026-03-13T09:37:22+00:00","mainEntityOfPage":{"@id":"https:\/\/www.hepsiburada.com\/hayatburada\/ten-rengine-gore-parfum-secimi-nasil-yapilir\/"},"wordCount":4035,"image":{"@id":"https:\/\/www.hepsiburada.com\/hayatburada\/ten-rengine-gore-parfum-secimi-nasil-yapilir\/#primaryimage"},"thumbnailUrl":"https:\/\/www.hepsiburada.com\/hayatburada\/wp-content\/uploads\/2026\/03\/Ten-Rengine-Go-re-Parfu-m-Sec-imi-Nas-l-Yap-l-r.jpg","articleSection":["G\u00fczellik &amp; Bak\u0131m"],"inLanguage":"tr"},{"@type":"WebPage","@id":"https:\/\/www.hepsiburada.com\/hayatburada\/ten-rengine-gore-parfum-secimi-nasil-yapilir\/","url":"https:\/\/www.hepsiburada.com\/hayatburada\/ten-rengine-gore-parfum-secimi-nasil-yapilir\/","name":"Ten Rengine G\u00f6re Parf\u00fcm Se\u00e7imi Nas\u0131l Yap\u0131l\u0131r? - Hayatburada","isPartOf":{"@id":"https:\/\/www.hepsiburada.com\/hayatburada\/#website"},"primaryImageOfPage":{"@id":"https:\/\/www.hepsiburada.com\/hayatburada\/ten-rengine-gore-parfum-secimi-nasil-yapilir\/#primaryimage"},"image":{"@id":"https:\/\/www.hepsiburada.com\/hayatburada\/ten-rengine-gore-parfum-secimi-nasil-yapilir\/#primaryimage"},"thumbnailUrl":"https:\/\/www.hepsiburada.com\/hayatburada\/wp-content\/uploads\/2026\/03\/Ten-Rengine-Go-re-Parfu-m-Sec-imi-Nas-l-Yap-l-r.jpg","datePublished":"2026-03-13T06:48:22+00:00","dateModified":"2026-03-13T09:37:22+00:00","author":{"@id":"https:\/\/www.hepsiburada.com\/hayatburada\/#\/schema\/person\/c94ba56ae2bcf8e4a5ceb545d1335d30"},"description":"Esmer, bu\u011fday ve beyaz tenli kad\u0131n ve erkekler i\u00e7in parf\u00fcm se\u00e7imi. Cilt alt tonu, ten rengi ve 2026 koku trendleriyle parf\u00fcm \u00f6nerileri Hayatburada\u2019da!","breadcrumb":{"@id":"https:\/\/www.hepsiburada.com\/hayatburada\/ten-rengine-gore-parfum-secimi-nasil-yapilir\/#breadcrumb"},"inLanguage":"tr","potentialAction":[{"@type":"ReadAction","target":["https:\/\/www.hepsiburada.com\/hayatburada\/ten-rengine-gore-parfum-secimi-nasil-yapilir\/"]}]},{"@type":"ImageObject","inLanguage":"tr","@id":"https:\/\/www.hepsiburada.com\/hayatburada\/ten-rengine-gore-parfum-secimi-nasil-yapilir\/#primaryimage","url":"https:\/\/www.hepsiburada.com\/hayatburada\/wp-content\/uploads\/2026\/03\/Ten-Rengine-Go-re-Parfu-m-Sec-imi-Nas-l-Yap-l-r.jpg","contentUrl":"https:\/\/www.hepsiburada.com\/hayatburada\/wp-content\/uploads\/2026\/03\/Ten-Rengine-Go-re-Parfu-m-Sec-imi-Nas-l-Yap-l-r.jpg","width":640,"height":427,"caption":"Ten Rengine G\u00f6re Parf\u00fcm Se\u00e7imi Nas\u0131l Yap\u0131l\u0131r?"},{"@type":"BreadcrumbList","@id":"https:\/\/www.hepsiburada.com\/hayatburada\/ten-rengine-gore-parfum-secimi-nasil-yapilir\/#breadcrumb","itemListElement":[{"@type":"ListItem","position":1,"name":"Anasayfa","item":"https:\/\/www.hepsiburada.com\/hayatburada\/"},{"@type":"ListItem","position":2,"name":"Ten Rengine G\u00f6re Parf\u00fcm Se\u00e7imi Nas\u0131l Yap\u0131l\u0131r?"}]},{"@type":"WebSite","@id":"https:\/\/www.hepsiburada.com\/hayatburada\/#website","url":"https:\/\/www.hepsiburada.com\/hayatburada\/","name":"Hayatburada","description":"","potentialAction":[{"@type":"SearchAction","target":{"@type":"EntryPoint","urlTemplate":"https:\/\/www.hepsiburada.com\/hayatburada\/?s={search_term_string}"},"query-input":{"@type":"PropertyValueSpecification","valueRequired":true,"valueName":"search_term_string"}}],"inLanguage":"tr"},{"@type":"Person","@id":"https:\/\/www.hepsiburada.com\/hayatburada\/#\/schema\/person\/c94ba56ae2bcf8e4a5ceb545d1335d30","name":"Hepsiburada Yazar","image":{"@type":"ImageObject","inLanguage":"tr","@id":"https:\/\/secure.gravatar.com\/avatar\/c3e2a7528fe96a571a4a1beb87c4bfa2e8b35a35a01192565deb75b988fef3da?s=96&d=mm&r=g","url":"https:\/\/secure.gravatar.com\/avatar\/c3e2a7528fe96a571a4a1beb87c4bfa2e8b35a35a01192565deb75b988fef3da?s=96&d=mm&r=g","contentUrl":"https:\/\/secure.gravatar.com\/avatar\/c3e2a7528fe96a571a4a1beb87c4bfa2e8b35a35a01192565deb75b988fef3da?s=96&d=mm&r=g","caption":"Hepsiburada Yazar"},"url":"https:\/\/www.hepsiburada.com\/hayatburada\/author\/duygu-garip\/"}]}},"_links":{"self":[{"href":"https:\/\/www.hepsiburada.com\/hayatburada\/wp-json\/wp\/v2\/posts\/40356","targetHints":{"allow":["GET"]}}],"collection":[{"href":"https:\/\/www.hepsiburada.com\/hayatburada\/wp-json\/wp\/v2\/posts"}],"about":[{"href":"https:\/\/www.hepsiburada.com\/hayatburada\/wp-json\/wp\/v2\/types\/post"}],"author":[{"embeddable":true,"href":"https:\/\/www.hepsiburada.com\/hayatburada\/wp-json\/wp\/v2\/users\/10"}],"replies":[{"embeddable":true,"href":"https:\/\/www.hepsiburada.com\/hayatburada\/wp-json\/wp\/v2\/comments?post=40356"}],"version-history":[{"count":3,"href":"https:\/\/www.hepsiburada.com\/hayatburada\/wp-json\/wp\/v2\/posts\/40356\/revisions"}],"predecessor-version":[{"id":40360,"href":"https:\/\/www.hepsiburada.com\/hayatburada\/wp-json\/wp\/v2\/posts\/40356\/revisions\/40360"}],"wp:featuredmedia":[{"embeddable":true,"href":"https:\/\/www.hepsiburada.com\/hayatburada\/wp-json\/wp\/v2\/media\/40348"}],"wp:attachment":[{"href":"https:\/\/www.hepsiburada.com\/hayatburada\/wp-json\/wp\/v2\/media?parent=40356"}],"wp:term":[{"taxonomy":"category","embeddable":true,"href":"https:\/\/www.hepsiburada.com\/hayatburada\/wp-json\/wp\/v2\/categories?post=40356"},{"taxonomy":"post_tag","embeddable":true,"href":"https:\/\/www.hepsiburada.com\/hayatburada\/wp-json\/wp\/v2\/tags?post=40356"}],"curies":[{"name":"wp","href":"https:\/\/api.w.org\/{rel}","templated":true}]}}