{"id":41706,"date":"2026-09-02T17:47:23","date_gmt":"2026-09-02T14:47:23","guid":{"rendered":"https:\/\/www.hepsiburada.com\/hayatburada\/?p=41706"},"modified":"2026-09-02T17:52:32","modified_gmt":"2026-09-02T14:52:32","slug":"fondoten-rengi-nasil-secilir","status":"publish","type":"post","link":"https:\/\/www.hepsiburada.com\/hayatburada\/fondoten-rengi-nasil-secilir\/","title":{"rendered":"Fond\u00f6ten Rengi Nas\u0131l Se\u00e7ilir?"},"content":{"rendered":"<div class=\"sc-content\">\n<aside class=\"sc-content__table-of-contents\">\n<ol>\n<li><a href=\"#fondoten-rengi-neden-dogru-seculmeli\">Fond\u00f6ten Rengi Neden Do\u011fru Se\u00e7ilmeli?<\/a><\/li>\n<li><a href=\"#alt-ton-nasil-belirlenir\">Alt Ton Nas\u0131l Belirlenir?<\/a><\/li>\n<li><a href=\"#fondoten-renk-kodlari-nasil-okunur\">Fond\u00f6ten Renk Kodlar\u0131 Nas\u0131l Okunur?<\/a><\/li>\n<li><a href=\"#fondoten-tonu-nasil-test-edilir\">Fond\u00f6ten Tonu Nas\u0131l Test Edilir?<\/a><\/li>\n<li><a href=\"#mevsime-gore-fondoten-rengi-degisir-mi\">Mevsime G\u00f6re Fond\u00f6ten Rengi De\u011fi\u015fir mi?<\/a><\/li>\n<li><a href=\"#fondoten-oksitlenmesi-nedir\">Fond\u00f6ten Oksitlenmesi Nedir?<\/a><\/li>\n<li><a href=\"#fondoten-ile-kapatici-ve-pudra-uyumu\">Fond\u00f6ten ile Kapat\u0131c\u0131 ve Pudra Uyumu<\/a><\/li>\n<li><a href=\"#fondoten-rengi-secerken-sik-yapilan-hatalar\">Fond\u00f6ten Rengi Se\u00e7erken S\u0131k Yap\u0131lan Hatalar<\/a><\/li>\n<li><a href=\"#koyu-gelen-fondoten-rengi-nasil-acilir\">Koyu Gelen Fond\u00f6ten Rengi Nas\u0131l A\u00e7\u0131l\u0131r?<\/a><\/li>\n<li><a href=\"#ozet-dogru-fondoten-tonu-icin-kisa-rehber\">\u00d6zet: Do\u011fru Fond\u00f6ten Tonu i\u00e7in K\u0131sa Rehber<\/a><\/li>\n<li><a href=\"#fondoten-rengi-secimi-hakkinda-sikca-sorulan-sorular\">Fond\u00f6ten Rengi Se\u00e7imi Hakk\u0131nda S\u0131k\u00e7a Sorulan Sorular<\/a><\/li>\n<\/ol>\n<\/aside>\n<div class=\"sc-content__article\">\n<h1>Fond\u00f6ten Rengi Nas\u0131l Se\u00e7ilir?<\/h1>\n<div class=\"sc-content__block\">\n<table>\n<thead>\n<tr>\n<th colspan=\"2\"><strong>Fond\u00f6ten Renk Se\u00e7imi Hakk\u0131nda En \u00c7ok Merak Edilenler<\/strong><\/th>\n<\/tr>\n<\/thead>\n<tbody>\n<tr>\n<td>Fond\u00f6ten rengi nas\u0131l se\u00e7ilir?<\/td>\n<td>Ten derinli\u011fini ve alt tonunu ayr\u0131 ayr\u0131 belirleyip \u00fcr\u00fcn\u00fc \u00e7ene hatt\u0131nda, g\u00fcn \u0131\u015f\u0131\u011f\u0131nda test ederek.<\/td>\n<\/tr>\n<tr>\n<td>Alt tonumu nas\u0131l anlar\u0131m?<\/td>\n<td>Damar rengi, tak\u0131 uyumu, beyaz ka\u011f\u0131t ve g\u00fcne\u015f tepkisi testlerinden en az \u00fc\u00e7\u00fc ayn\u0131 y\u00f6n\u00fc g\u00f6steriyorsa sonu\u00e7 g\u00fcvenilirdir.<\/td>\n<\/tr>\n<tr>\n<td>A\u00e7\u0131k m\u0131 koyu mu almal\u0131y\u0131m?<\/td>\n<td>\u0130ki ton aras\u0131nda kald\u0131ysan koyu olan\u0131 denemek genelde daha g\u00fcvenli; fazla a\u00e7\u0131k tonlar baz\u0131 ki\u015filerde gri bir izlenim olu\u015fturabilir.<\/td>\n<\/tr>\n<tr>\n<td>Renk kodlar\u0131 ne anlat\u0131yor?<\/td>\n<td>Harf alt ton y\u00f6n\u00fcn\u00fc (N, W, C), say\u0131 ise ten derinli\u011fini g\u00f6sterir.<\/td>\n<\/tr>\n<tr>\n<td>Renk neden sonradan koyula\u015f\u0131yor?<\/td>\n<td>U\u00e7ucu bile\u015fenler buharla\u015ft\u0131k\u00e7a pigment yo\u011funla\u015f\u0131r; de\u011fi\u015fim \u00e7o\u011funlukla optik, kimyasal de\u011fil.<\/td>\n<\/tr>\n<tr>\n<td>Bu i\u00e7erik kimin i\u00e7in?<\/td>\n<td>\u0130lk kez fond\u00f6ten alacaklar ve daha \u00f6nce renk tutturamam\u0131\u015f kullan\u0131c\u0131lar i\u00e7in.<\/td>\n<\/tr>\n<\/tbody>\n<\/table>\n<p>Fond\u00f6ten rengi nas\u0131l se\u00e7ilir sorusunun k\u0131sa cevab\u0131: Ten derinli\u011fini ve alt tonunu ayr\u0131 iki de\u011fi\u015fken olarak belirleyip \u00fcr\u00fcn\u00fc \u00e7ene hatt\u0131nda, g\u00fcn \u0131\u015f\u0131\u011f\u0131nda test etmek.<\/p>\n<p>Fond\u00f6ten, cilt \u00fczerinde ince bir pigment filmi olu\u015fturur ve bu filmin rengini kutudaki kod de\u011fil, form\u00fcldeki titanyum dioksit ile demir oksitlerin oran\u0131 belirler. Cilt taraf\u0131nda ise melanin yo\u011funlu\u011fu derinli\u011fi, damar yap\u0131s\u0131 rengin y\u00f6n\u00fcn\u00fc tayin eder. Renk tutmama sorunu bu iki de\u011fi\u015fkenin kesi\u015fti\u011fi noktada do\u011fuyor.<\/p>\n<p>Kozmetik kimyageri olarak sahadan gelen &#8220;fond\u00f6ten iyi ama rengi tutmad\u0131&#8221; geri bildirimlerinin \u00e7o\u011funda form\u00fclasyonda de\u011fil, e\u015fle\u015ftirme y\u00f6nteminde bir eksik g\u00f6r\u00fcyorum. Bu rehberde konuyu \u00fcr\u00fcn taraf\u0131ndan de\u011fil, cilt ve pigment taraf\u0131ndan ele al\u0131yorum.<\/p>\n<\/div>\n<h2 id=\"fondoten-rengi-neden-dogru-seculmeli\">Fond\u00f6ten Rengi Neden Do\u011fru Se\u00e7ilmeli?<\/h2>\n<p><img decoding=\"async\" data-src=\"https:\/\/www.hepsiburada.com\/hayatburada\/wp-content\/uploads\/2026\/08\/fondoten-rengi-neden-dogru-seculmeli.jpg\" alt=\"fondoten-rengi-neden-dogru-seculmeli\" src=\"data:image\/svg+xml;base64,PHN2ZyB3aWR0aD0iMSIgaGVpZ2h0PSIxIiB4bWxucz0iaHR0cDovL3d3dy53My5vcmcvMjAwMC9zdmciPjwvc3ZnPg==\" class=\"lazyload\" \/><\/p>\n<div class=\"sc-content__block\">\n<p>Fond\u00f6ten rengi, \u00fcr\u00fcn cildin \u00fczerinde ince bir optik katman olu\u015fturdu\u011fu i\u00e7in genel g\u00f6r\u00fcn\u00fcm\u00fc belirgin bi\u00e7imde etkileyebiliyor. Bu katman\u0131n rengi tenden sapt\u0131\u011f\u0131nda y\u00fcz ile boyun aras\u0131nda g\u00f6r\u00fcn\u00fcr bir kopma olu\u015fabiliyor. Di\u011fer makyaj \u00fcr\u00fcnlerinden fark\u0131 da burada: Ruj ya da far kontrast yaratmak i\u00e7in vard\u0131r, fond\u00f6tenin i\u015fi ise fark edilmemektir.<\/p>\n<h3>Yanl\u0131\u015f Tonun G\u00f6r\u00fcn\u00fcmdeki Etkileri<\/h3>\n<p>Yanl\u0131\u015f fond\u00f6ten tonu genellikle be\u015f \u015fekilde kendini g\u00f6steriyor:<\/p>\n<ol>\n<li>Y\u00fcz\u00fcn gri veya soluk g\u00f6r\u00fcnmesi<\/li>\n<li>Tenin turuncuya \u00e7almas\u0131<\/li>\n<li>\u00c7ene hatt\u0131nda belirgin bir \u00e7izgi olu\u015fmas\u0131<\/li>\n<li>Y\u00fcz ile boyun aras\u0131nda ton fark\u0131<\/li>\n<li>Fla\u015fl\u0131 foto\u011fraflarda y\u00fcz\u00fcn beyaz parlamas\u0131<\/li>\n<\/ol>\n<p>Gri g\u00f6r\u00fcn\u00fcm \u00e7o\u011funlukla sar\u0131 pigmentin yetersiz kalmas\u0131ndan, turuncu etki ise sar\u0131 ve k\u0131rm\u0131z\u0131 demir oksit oran\u0131n\u0131n tenin ta\u015f\u0131yabilece\u011finin \u00fcst\u00fcnde kalmas\u0131ndan kaynaklan\u0131yor. Fla\u015f parlamas\u0131 ayr\u0131 bir konu: Y\u00fcksek titanyum dioksit veya \u00e7inko oksit i\u00e7eren form\u00fcller g\u00f6r\u00fcn\u00fcr \u0131\u015f\u0131kta sorun \u00e7\u0131karmaz ama fla\u015f \u0131\u015f\u0131\u011f\u0131n\u0131 geri yans\u0131t\u0131r. Bu duruma \u201cflashback\u201d deniyor.<\/p>\n<h3>Do\u011fru Tonun Belirtileri<\/h3>\n<p>Do\u011fru fond\u00f6ten tonu genellikle uyguland\u0131ktan sonra \u00fcr\u00fcn\u00fcn nerede bitti\u011fini fark ettirmeyen tondur.<\/p>\n<ul>\n<li>\u00c7ene hatt\u0131nda elinle s\u0131n\u0131r aramak zorunda kalmazs\u0131n.<\/li>\n<li>Boyun ile y\u00fcz ayn\u0131 \u0131\u015f\u0131kta ayn\u0131 renkte g\u00f6r\u00fcn\u00fcr.<\/li>\n<li>Cilt canl\u0131 g\u00f6r\u00fcn\u00fcr, ancak bunu renkten de\u011fil dokudan al\u0131r.<\/li>\n<\/ul>\n<h3>Ten Rengi ve Alt Ton Aras\u0131ndaki Fark<\/h3>\n<p>Ten rengi ile alt ton aras\u0131ndaki fark, birinin a\u00e7\u0131kl\u0131k-koyuluk seviyesini, di\u011ferinin rengin y\u00f6n\u00fcn\u00fc tan\u0131mlamas\u0131ndan geliyor. Renk bilimi diliyle ten derinli\u011fi bir &#8220;de\u011fer&#8221; (value), alt ton ise bir &#8220;renk tonu&#8221; (hue) meselesi. \u0130kisi ba\u011f\u0131ms\u0131z de\u011fi\u015fkenler; bu y\u00fczden a\u00e7\u0131k tenli iki ki\u015fi tamamen farkl\u0131 fond\u00f6tenler kullanabiliyor.<\/p>\n<h3>Ten Derinli\u011fi Nedir?<\/h3>\n<p>Ten derinli\u011fi, cildinin ne kadar a\u00e7\u0131k ya da koyu oldu\u011funu ifade eden \u00f6l\u00e7\u00fctt\u00fcr ve do\u011frudan melanin yo\u011funlu\u011fuyla ili\u015fkilidir. Ten rengi belirleme s\u00fcrecinde ilk s\u0131rada bu gelir; derinlik do\u011fru belirlenmedi\u011finde, alt tonu tutturmu\u015f olsan bile sonu\u00e7 maske etkisine yak\u0131n g\u00f6r\u00fcnebilir.<\/p>\n<h3>Alt Ton Nedir?<\/h3>\n<p>Alt ton, cildin y\u00fczeyinin alt\u0131ndaki damar yap\u0131s\u0131 ve melanin t\u00fcr\u00fc nedeniyle tende sabit kalan renk e\u011filimidir. G\u00fcne\u015f yan\u0131\u011f\u0131 ge\u00e7tikten sonra da bu e\u011filimin b\u00fcy\u00fck \u00f6l\u00e7\u00fcde korundu\u011fu kabul edilir.<\/p>\n<p>\u00dc\u00e7 ana grupta toplan\u0131r: S\u0131cak alt ton, so\u011fuk alt ton ve n\u00f6tr alt ton. Kimya taraf\u0131nda bu ayr\u0131m, form\u00fcle kat\u0131lan sar\u0131, k\u0131rm\u0131z\u0131 ve siyah demir oksitlerin oran\u0131yla kar\u015f\u0131lan\u0131r.<\/p>\n<h3>\u00dcst Ton ve Alt Ton Ayr\u0131m\u0131<\/h3>\n<p>\u00dcst ton cildin o anki y\u00fczey rengi, alt ton ise kal\u0131c\u0131 olan y\u00f6n\u00fcd\u00fcr.<\/p>\n<ul>\n<li>\u00dcst ton de\u011fi\u015fkendir: G\u00fcne\u015f, k\u0131zar\u0131kl\u0131k, uykusuzluk ve mevsim etkiler.<\/li>\n<li>Alt ton b\u00fcy\u00fck \u00f6l\u00e7\u00fcde sabit kabul edilir, y\u0131l boyunca belirgin bi\u00e7imde de\u011fi\u015fmez.<\/li>\n<li>Fond\u00f6ten derinli\u011fi \u00fcst tona, renk y\u00f6n\u00fc ise alt tona g\u00f6re se\u00e7ilir.<\/li>\n<\/ul>\n<\/div>\n<h2 id=\"alt-ton-nasil-belirlenir\">Alt Ton Nas\u0131l Belirlenir?<\/h2>\n<p><img decoding=\"async\" class=\"aligncenter wp-image-41698 size-full lazyload\" data-src=\"https:\/\/www.hepsiburada.com\/hayatburada\/wp-content\/uploads\/2026\/09\/alt-ton-nasil-belirlenir.jpg\" alt=\"\" width=\"1000\" height=\"640\" data-srcset=\"https:\/\/www.hepsiburada.com\/hayatburada\/wp-content\/uploads\/2026\/09\/alt-ton-nasil-belirlenir.jpg 1000w, https:\/\/www.hepsiburada.com\/hayatburada\/wp-content\/uploads\/2026\/09\/alt-ton-nasil-belirlenir-300x192.jpg 300w, https:\/\/www.hepsiburada.com\/hayatburada\/wp-content\/uploads\/2026\/09\/alt-ton-nasil-belirlenir-768x492.jpg 768w\" data-sizes=\"(max-width: 1000px) 100vw, 1000px\" src=\"data:image\/svg+xml;base64,PHN2ZyB3aWR0aD0iMSIgaGVpZ2h0PSIxIiB4bWxucz0iaHR0cDovL3d3dy53My5vcmcvMjAwMC9zdmciPjwvc3ZnPg==\" style=\"--smush-placeholder-width: 1000px; --smush-placeholder-aspect-ratio: 1000\/640;\" \/><\/p>\n<div class=\"sc-content__block\">\n<p>Alt ton nas\u0131l anla\u015f\u0131l\u0131r sorusunun cevab\u0131 i\u00e7in tek bir teste g\u00fcvenmemek gerekiyor. Uygulamas\u0131 kolay d\u00f6rt y\u00f6ntem var:<\/p>\n<ol>\n<li>Damar rengi testi<\/li>\n<li>Tak\u0131 testi<\/li>\n<li>Beyaz ka\u011f\u0131t testi<\/li>\n<li>G\u00fcne\u015fte ten tepkisi g\u00f6zlemi<\/li>\n<\/ol>\n<p>Bu testlerin en az \u00fc\u00e7\u00fc ayn\u0131 y\u00f6n\u00fc i\u015faret ediyorsa sonucu g\u00fcvenilir kabul edebilirsin.<\/p>\n<h3>Damar Rengi Testi<\/h3>\n<p>Bile\u011finin i\u00e7 k\u0131sm\u0131ndaki damarlara g\u00fcn \u0131\u015f\u0131\u011f\u0131nda bak.<\/p>\n<ul>\n<li>Ye\u015file yak\u0131n g\u00f6r\u00fcn\u00fcyorsa s\u0131cak alt ton<\/li>\n<li>Mavi veya mora yak\u0131n g\u00f6r\u00fcn\u00fcyorsa so\u011fuk alt ton<\/li>\n<li>\u0130kisi de se\u00e7ilebiliyorsa n\u00f6tr alt ton<\/li>\n<\/ul>\n<p>Damarlar asl\u0131nda mavimsi renktedir. \u00dczerlerindeki cilt sar\u0131 y\u00f6nde yo\u011funsa, mavi \u0131\u015f\u0131k sar\u0131 bir filtreden ge\u00e7erek g\u00f6ze ye\u015fil ula\u015f\u0131r.<\/p>\n<h3>Tak\u0131 Testi<\/h3>\n<p>Y\u00fcz\u00fcne yak\u0131n tuttu\u011funda alt\u0131n seni daha canl\u0131 g\u00f6steriyorsa s\u0131cak, g\u00fcm\u00fc\u015f daha uyumlu duruyorsa so\u011fuk alt tona yak\u0131ns\u0131n. \u0130kisinde de fark yoksa n\u00f6tr alt ton ihtimali y\u00fcksek.<\/p>\n<h3>Beyaz Ka\u011f\u0131t Testi<\/h3>\n<p>G\u00fcn \u0131\u015f\u0131\u011f\u0131nda y\u00fcz\u00fcn\u00fcn yan\u0131na beyaz bir ka\u011f\u0131t tut.<\/p>\n<ul>\n<li>Ten sar\u0131ms\u0131, alt\u0131n veya \u015feftali g\u00f6r\u00fcn\u00fcyorsa s\u0131cak<\/li>\n<li>Pembemsi, k\u0131rm\u0131z\u0131ya veya maviye \u00e7al\u0131yorsa so\u011fuk<\/li>\n<li>Bej-n\u00f6tr bir izlenim veriyorsa dengeli<\/li>\n<\/ul>\n<h3>G\u00fcne\u015fte Ten Tepkisi<\/h3>\n<p>G\u00fcne\u015fte kolayca bronzla\u015f\u0131p nadiren yan\u0131yorsan s\u0131cak veya n\u00f6tr alt ton olas\u0131l\u0131\u011f\u0131n y\u00fcksek. \u00d6nce k\u0131zar\u0131p sonra soluyorsan so\u011fuk alt ton ihtimali art\u0131yor. Tek ba\u015f\u0131na yeterli de\u011fil, di\u011fer testleri do\u011frulamak i\u00e7in kullan.<\/p>\n<h3>S\u0131cak, So\u011fuk ve N\u00f6tr Alt Ton \u00d6zellikleri<\/h3>\n<table>\n<thead>\n<tr>\n<th><strong>Alt ton<\/strong><\/th>\n<th><strong>Ciltteki Yans\u0131ma<\/strong><\/th>\n<th><strong>Uyumlu Fond\u00f6ten Y\u00f6n\u00fc<\/strong><\/th>\n<th><strong>Kodlarda Kar\u015f\u0131l\u0131\u011f\u0131<\/strong><\/th>\n<\/tr>\n<\/thead>\n<tbody>\n<tr>\n<td>S\u0131cak alt ton<\/td>\n<td>Sar\u0131, alt\u0131n, \u015feftali<\/td>\n<td>Sar\u0131 bazl\u0131, alt\u0131n bej<\/td>\n<td>W, Y, G, &#8220;warm&#8221;<\/td>\n<\/tr>\n<tr>\n<td>So\u011fuk alt ton<\/td>\n<td>Pembe, k\u0131rm\u0131z\u0131, mavimsi<\/td>\n<td>Pembe bazl\u0131, rosy bej<\/td>\n<td>C, R, P, &#8220;cool&#8221;<\/td>\n<\/tr>\n<tr>\n<td>N\u00f6tr alt ton<\/td>\n<td>Dengeli bej izlenim<\/td>\n<td>Sar\u0131-pembe dengeli<\/td>\n<td>N, &#8220;neutral&#8221;<\/td>\n<\/tr>\n<\/tbody>\n<\/table>\n<p><em>Alt ton testlerini kesin bir s\u0131n\u0131fland\u0131rma gibi sunmay\u0131 do\u011fru bulmuyorum. Laboratuvarda cildin renk y\u00f6n\u00fcn\u00fc kolorimetreyle say\u0131sal olarak al\u0131yoruz; evde yap\u0131lan testler ise g\u00f6z\u00fcn ve ortam \u0131\u015f\u0131\u011f\u0131n\u0131n etkisinde kal\u0131yor. Y\u0131llar i\u00e7inde g\u00f6rd\u00fc\u011f\u00fcm \u015fu ki kullan\u0131c\u0131lar\u0131n \u00f6nemli bir k\u0131sm\u0131 kendini net bi\u00e7imde s\u0131cak ya da so\u011fuk san\u0131yor, oysa ger\u00e7ekte olive veya n\u00f6tr tarafta kal\u0131yor. Bu y\u00fczden test sonucunu bir te\u015fhis gibi de\u011fil, deneme aral\u0131\u011f\u0131n\u0131 daraltan bir ba\u015flang\u0131\u00e7 noktas\u0131 gibi kullanman\u0131 \u00f6neriyorum.<\/em><\/p>\n<h3>Ten Derinli\u011fi Nas\u0131l Anla\u015f\u0131l\u0131r?<\/h3>\n<p>Ten derinli\u011fi, cildinin g\u00fcne\u015f g\u00f6rmeyen bir b\u00f6lgesine bak\u0131larak anla\u015f\u0131l\u0131r. G\u00f6\u011f\u00fcs \u00fcst\u00fc ve kolun i\u00e7 k\u0131sm\u0131 bu i\u015f i\u00e7in en g\u00fcvenilir alanlar.<\/p>\n<h3>A\u00e7\u0131k, Orta, Bu\u011fday ve Koyu Tenler<\/h3>\n<p>Ten rengine g\u00f6re fond\u00f6ten se\u00e7erken derinlik d\u00f6rt ana bantta de\u011ferlendiriliyor:<\/p>\n<ul>\n<li><strong>A\u00e7\u0131k ten:<\/strong> G\u00fcne\u015fte h\u0131zla k\u0131zar\u0131r, d\u00fc\u015f\u00fck melanin yo\u011funlu\u011fu<\/li>\n<li><strong>Orta ten:<\/strong> Kolay bronzla\u015f\u0131r, bej-\u015feftali izlenim<\/li>\n<li><strong>Bu\u011fday ten:<\/strong> Alt\u0131n-zeytin kar\u0131\u015f\u0131m\u0131, T\u00fcrkiye&#8217;de en yayg\u0131n tenlerden biri.<\/li>\n<li><strong>Koyu ten:<\/strong> Y\u00fcksek melanin, geni\u015f alt ton \u00e7e\u015fitlili\u011fi<\/li>\n<\/ul>\n<p>T\u00fcrkiye&#8217;de orta ve bu\u011fday bant, \u00fcr\u00fcn gamlar\u0131nda s\u0131k kar\u015f\u0131la\u015f\u0131lan bir aral\u0131k. Markalar\u0131n bu ten grubunda daha fazla ara ton sunmas\u0131 da bununla ili\u015fkilendirilebiliyor.<\/p>\n<h3>Fitzpatrick \u00d6l\u00e7e\u011fi Nedir?<\/h3>\n<p>Fitzpatrick \u00f6l\u00e7e\u011fi, cildin ultraviyole \u0131\u015fa\u011fa verdi\u011fi tepkiye g\u00f6re alt\u0131 tipe ayr\u0131ld\u0131\u011f\u0131 dermatolojik bir s\u0131n\u0131fland\u0131rmad\u0131r.<\/p>\n<ul>\n<li><strong>Tip I-II:<\/strong> Kolay yanar, zor bronzla\u015f\u0131r<\/li>\n<li><strong>Tip III-IV:<\/strong> Orta d\u00fczeyde yanar, kolay bronzla\u015f\u0131r<\/li>\n<li><strong>Tip V-VI:<\/strong> Nadiren yanar, koyu bronzla\u015f\u0131r<\/li>\n<\/ul>\n<\/div>\n<h2 id=\"fondoten-renk-kodlari-nasil-okunur\">Fond\u00f6ten Renk Kodlar\u0131 Nas\u0131l Okunur?<\/h2>\n<p><img decoding=\"async\" class=\"aligncenter wp-image-41701 size-full lazyload\" data-src=\"https:\/\/www.hepsiburada.com\/hayatburada\/wp-content\/uploads\/2026\/09\/fondoten-renk-kodlari-nasil-okunur.jpg\" alt=\"\" width=\"1000\" height=\"560\" data-srcset=\"https:\/\/www.hepsiburada.com\/hayatburada\/wp-content\/uploads\/2026\/09\/fondoten-renk-kodlari-nasil-okunur.jpg 1000w, https:\/\/www.hepsiburada.com\/hayatburada\/wp-content\/uploads\/2026\/09\/fondoten-renk-kodlari-nasil-okunur-300x168.jpg 300w, https:\/\/www.hepsiburada.com\/hayatburada\/wp-content\/uploads\/2026\/09\/fondoten-renk-kodlari-nasil-okunur-768x430.jpg 768w\" data-sizes=\"(max-width: 1000px) 100vw, 1000px\" src=\"data:image\/svg+xml;base64,PHN2ZyB3aWR0aD0iMSIgaGVpZ2h0PSIxIiB4bWxucz0iaHR0cDovL3d3dy53My5vcmcvMjAwMC9zdmciPjwvc3ZnPg==\" style=\"--smush-placeholder-width: 1000px; --smush-placeholder-aspect-ratio: 1000\/560;\" \/><\/p>\n<div class=\"sc-content__block\">\n<p>Fond\u00f6ten renk kodlar\u0131 iki bilgiyi bir arada ta\u015f\u0131r: Harf alt ton y\u00f6n\u00fcn\u00fc, say\u0131 ise ten derinli\u011fini g\u00f6sterir.<\/p>\n<h3>N, W, C Harfleri Ne Anlama Gelir?<\/h3>\n<ul>\n<li><strong>N (Neutral):<\/strong> Sar\u0131 ve pembe pigment dengeli, n\u00f6tr alt ton i\u00e7in<\/li>\n<li><strong>W (Warm):<\/strong> Sar\u0131-alt\u0131n a\u011f\u0131rl\u0131kl\u0131, s\u0131cak alt ton i\u00e7in<\/li>\n<li><strong>C (Cool):<\/strong> Pembe-k\u0131rm\u0131z\u0131 a\u011f\u0131rl\u0131kl\u0131, so\u011fuk alt ton i\u00e7in<\/li>\n<\/ul>\n<p>Baz\u0131 markalar ek harfler kullan\u0131yor: Y (yellow), R (rosy), O ya da G (olive\/golden). Mant\u0131k ayn\u0131, yaln\u0131zca isimlendirme de\u011fi\u015fiyor.<\/p>\n<h3>Say\u0131sal Kodlama Sistemleri<\/h3>\n<p>Say\u0131 neredeyse her markada derinli\u011fi ifade eder ve k\u00fc\u00e7\u00fck say\u0131 daha a\u00e7\u0131k tona kar\u015f\u0131l\u0131k gelir.<\/p>\n<ul>\n<li><strong>Tek haneli sistemler (1, 2, 3):<\/strong> Geni\u015f aral\u0131kl\u0131, az say\u0131da ton<\/li>\n<li><strong>\u0130ki-\u00fc\u00e7 haneli sistemler (110, 220):<\/strong> \u0130lk hane derinlik band\u0131n\u0131 verir<\/li>\n<li><strong>Ondal\u0131kl\u0131 sistemler (2.0, 3.5):<\/strong> Ara tonlar\u0131n varl\u0131\u011f\u0131n\u0131 g\u00f6sterir<\/li>\n<\/ul>\n<h3>Markalar Aras\u0131 Kod Farklar\u0131<\/h3>\n<p>Renk kodlar\u0131 sekt\u00f6rde ortak bir standarda ba\u011fl\u0131 de\u011fil; her marka kendi pigment kar\u0131\u015f\u0131m\u0131n\u0131 ve numaraland\u0131rmas\u0131n\u0131 kullan\u0131yor.<\/p>\n<ul>\n<li>Bir markadaki 220, ba\u015fka markada 240 kar\u015f\u0131l\u0131\u011f\u0131 olabilir.<\/li>\n<li>Ayn\u0131 markan\u0131n farkl\u0131 serilerinde bile kod anlam\u0131 de\u011fi\u015febilir.<\/li>\n<li>Matla\u015ft\u0131r\u0131c\u0131 form\u00fcller genelde tenden bir t\u0131k koyu g\u00f6r\u00fcnebiliyor.<\/li>\n<\/ul>\n<p>Kod e\u015fle\u015ftirmesini marka i\u00e7inde yap, markalar aras\u0131nda yaln\u0131zca referans olarak kullan.<\/p>\n<\/div>\n<h2 id=\"fondoten-tonu-nasil-test-edilir\">Fond\u00f6ten Tonu Nas\u0131l Test Edilir?<\/h2>\n<div class=\"sc-content__block\">\n<p>Fond\u00f6ten tonu, \u00fcr\u00fcn kuruduktan sonra \u00e7ene hatt\u0131nda ve g\u00fcn \u0131\u015f\u0131\u011f\u0131nda de\u011ferlendirilerek test edilir. S\u0131ray\u0131 \u015f\u00f6yle kurman\u0131 \u00f6neriyorum:<\/p>\n<ul>\n<li>Cildi temizle, nemlendiriciyi uygula ve emilmesini bekle<\/li>\n<li>\u00dc\u00e7 yak\u0131n tonu \u00e7ene hatt\u0131na yan yana s\u00fcr<\/li>\n<li>\u00dcr\u00fcn\u00fcn oturmas\u0131 i\u00e7in birka\u00e7 dakika bekle<\/li>\n<li>G\u00fcn \u0131\u015f\u0131\u011f\u0131na \u00e7\u0131k ve boyun-y\u00fcz ge\u00e7i\u015fini kontrol et<\/li>\n<\/ul>\n<h3>Ma\u011fazada Do\u011fru Test B\u00f6lgesi<\/h3>\n<p>Do\u011fru test b\u00f6lgesi \u00e7ene hatt\u0131. Bu alan hem y\u00fcz hem boyun rengini ayn\u0131 anda g\u00f6rd\u00fc\u011f\u00fcn tek nokta.<\/p>\n<ul>\n<li><strong>Yanak:<\/strong> K\u0131zar\u0131kl\u0131k nedeniyle yan\u0131lt\u0131r<\/li>\n<li><strong>Al\u0131n:<\/strong> Genelde daha koyudur<\/li>\n<li><strong>El \u00fcst\u00fc:<\/strong> Y\u00fczle ayn\u0131 renkte de\u011fildir<\/li>\n<\/ul>\n<h3>\u00c7ene Hatt\u0131 ve Boyun Testi<\/h3>\n<p>\u00dcr\u00fcn\u00fc \u00e7ene kenar\u0131ndan boyuna inecek \u015fekilde uygula ve s\u0131n\u0131ra bak. \u0130ki b\u00f6lge aras\u0131nda g\u00f6r\u00fcn\u00fcr bir \u00e7izgi kalm\u0131yorsa tonun uyumlu oldu\u011funu d\u00fc\u015f\u00fcnebilirsin. Y\u00fcz ile boyun aras\u0131nda do\u011fal bir fark varsa, ikisinin ortas\u0131nda kalan ton en dengeli sonucu verir.<\/p>\n<h3>G\u00fcn I\u015f\u0131\u011f\u0131nda Kontrol<\/h3>\n<p>G\u00fcn \u0131\u015f\u0131\u011f\u0131 yakla\u015f\u0131k 5.000-6.500 K renk s\u0131cakl\u0131\u011f\u0131ndad\u0131r ve renk yans\u0131tma indisi y\u00fcksektir; ma\u011faza ayd\u0131nlatmas\u0131 ise daha s\u0131cak ya da daha so\u011fuktur. Karar\u0131 vitrin \u00f6n\u00fcnde de\u011fil, kap\u0131 d\u0131\u015f\u0131nda ver.<\/p>\n<h3>\u00dc\u00e7 Ton Yan Yana Deneme Y\u00f6ntemi<\/h3>\n<p>Tek ton denemek kar\u015f\u0131la\u015ft\u0131rma imkan\u0131 b\u0131rakmaz. Tahmin etti\u011fin tonu ortaya, bir a\u00e7\u0131\u011f\u0131n\u0131 ve bir koyusunu yanlar\u0131na s\u00fcr.<\/p>\n<ul>\n<li>Cildinde kaybolan \u015ferit genelde en uyumlu ton oluyor.<\/li>\n<li>Gri g\u00f6r\u00fcnen \u015ferit fazla so\u011fuktur.<\/li>\n<li>Sar\u0131ya ka\u00e7an \u015ferit fazla s\u0131cakt\u0131r.<\/li>\n<\/ul>\n<h3>Online Al\u0131\u015fveri\u015fte Renk Se\u00e7me \u0130pu\u00e7lar\u0131<\/h3>\n<p>Fond\u00f6ten renk se\u00e7imi online yap\u0131l\u0131rken ekrana de\u011fil, kar\u015f\u0131la\u015ft\u0131rmaya g\u00fcvenmek gerekiyor.<\/p>\n<ul>\n<li>\u00dcr\u00fcn a\u00e7\u0131klamas\u0131ndaki alt ton bilgisini (warm, cool, neutral) \u00f6nce oku.<\/li>\n<li>Farkl\u0131 \u0131\u015f\u0131klarda \u00e7ekilmi\u015f kullan\u0131c\u0131 g\u00f6rsellerini kar\u015f\u0131la\u015ft\u0131r.<\/li>\n<li>Elindeki \u00fcr\u00fcn\u00fcn kodunu referans alarak yeni \u00fcr\u00fcn\u00fc konumland\u0131r.<\/li>\n<li>\u0130ki ton aras\u0131nda kald\u0131ysan koyu olan\u0131 se\u00e7, a\u00e7\u0131\u011f\u0131 d\u00fczeltmek daha zordur.<\/li>\n<\/ul>\n<\/div>\n<h2 id=\"mevsime-gore-fondoten-rengi-degisir-mi\">Mevsime G\u00f6re Fond\u00f6ten Rengi De\u011fi\u015fir mi?<\/h2>\n<p><img decoding=\"async\" class=\"aligncenter wp-image-41705 size-full lazyload\" data-src=\"https:\/\/www.hepsiburada.com\/hayatburada\/wp-content\/uploads\/2026\/09\/mevsime-gore-fondoten-rengi-degisir-mi.jpg\" alt=\"\" width=\"1000\" height=\"667\" data-srcset=\"https:\/\/www.hepsiburada.com\/hayatburada\/wp-content\/uploads\/2026\/09\/mevsime-gore-fondoten-rengi-degisir-mi.jpg 1000w, https:\/\/www.hepsiburada.com\/hayatburada\/wp-content\/uploads\/2026\/09\/mevsime-gore-fondoten-rengi-degisir-mi-300x200.jpg 300w, https:\/\/www.hepsiburada.com\/hayatburada\/wp-content\/uploads\/2026\/09\/mevsime-gore-fondoten-rengi-degisir-mi-768x512.jpg 768w\" data-sizes=\"(max-width: 1000px) 100vw, 1000px\" src=\"data:image\/svg+xml;base64,PHN2ZyB3aWR0aD0iMSIgaGVpZ2h0PSIxIiB4bWxucz0iaHR0cDovL3d3dy53My5vcmcvMjAwMC9zdmciPjwvc3ZnPg==\" style=\"--smush-placeholder-width: 1000px; --smush-placeholder-aspect-ratio: 1000\/667;\" \/><\/p>\n<div class=\"sc-content__block\">\n<p>Evet, fond\u00f6ten rengi mevsime g\u00f6re de\u011fi\u015febilir. Melanin \u00fcretimi UV maruziyetiyle artt\u0131\u011f\u0131 i\u00e7in derinlik kayar; alt ton ise sabit kal\u0131r.<\/p>\n<h3>Yaz ve K\u0131\u015f Tonu Fark\u0131<\/h3>\n<p>\u00c7o\u011fu ki\u015fide bir ila iki tonluk fark olu\u015fuyor.<\/p>\n<ul>\n<li>K\u0131\u015f\u0131n cilt a\u00e7\u0131l\u0131r, sar\u0131 yans\u0131ma azal\u0131r.<\/li>\n<li>Yaz\u0131n derinlik artar, alt ton daha belirgin g\u00f6r\u00fcn\u00fcr.<\/li>\n<\/ul>\n<h3>\u0130ki Tonu Kar\u0131\u015ft\u0131rarak Ara Ton Elde Etme<\/h3>\n<p>Elindeki iki tonu kar\u0131\u015ft\u0131rmak ara ton elde etmenin en ekonomik yolu. Tek ko\u015ful, \u00fcr\u00fcnlerin ayn\u0131 form\u00fcl ailesinden olmas\u0131.<\/p>\n<ul>\n<li>Su bazl\u0131 \u00fcr\u00fcnle silikon bazl\u0131 \u00fcr\u00fcn homojen kar\u0131\u015fmaz.<\/li>\n<li>Kar\u0131\u015f\u0131m\u0131 temiz bir y\u00fczeyde haz\u0131rla ve oran\u0131 sabit tut.<\/li>\n<\/ul>\n<\/div>\n<h2 id=\"fondoten-oksitlenmesi-nedir\">Fond\u00f6ten Oksitlenmesi Nedir?<\/h2>\n<div class=\"sc-content__block\">\n<p>Fond\u00f6ten oksitlenmesi, \u00fcr\u00fcn\u00fcn ciltte birka\u00e7 saat i\u00e7inde ilk uyguland\u0131\u011f\u0131 andan daha koyu ya da turuncu g\u00f6r\u00fcnmesine verilen isim.<\/p>\n<h3>\u00dcr\u00fcn Neden Zamanla Koyula\u015fm\u0131\u015f G\u00f6r\u00fcn\u00fcr?<\/h3>\n<p>Ad\u0131 oksitlenme olsa da s\u00fcre\u00e7 \u00e7o\u011funlukla kimyasal bir oksidasyon de\u011fil.<\/p>\n<ul>\n<li>U\u00e7ucu bile\u015fenler buharla\u015f\u0131r, pigment yo\u011funlu\u011fu artar<\/li>\n<li>Sebum \u00fcr\u00fcn filmini \u0131slat\u0131r ve \u0131\u015f\u0131k k\u0131r\u0131l\u0131m\u0131n\u0131 de\u011fi\u015ftirir<\/li>\n<li>Islanan pigment daha koyu g\u00f6r\u00fcn\u00fcr, t\u0131pk\u0131 \u0131slanan kuma\u015f gibi<\/li>\n<\/ul>\n<p>Demir oksitler zaten oksitlenmi\u015f bile\u015fikler; havayla temas ettiklerinde renk de\u011fi\u015ftirmeleri beklenmez. G\u00f6r\u00fcnen de\u011fi\u015fimin b\u00fcy\u00fck k\u0131sm\u0131 optik, kimyasal de\u011fil.<\/p>\n<h3>Oksitlenmeyi Azaltmak i\u00e7in \u00d6neriler<\/h3>\n<ol>\n<li>Ya\u011f \u00fcretimini dengeleyen bir baz \u00fcr\u00fcn kullan<\/li>\n<li>\u00dcr\u00fcn\u00fc ince katlar halinde uygula<\/li>\n<li>Nemlendiricinin emilmesini bekleyip \u00f6yle s\u00fcr<\/li>\n<li>Karar vermeden \u00f6nce \u00fcr\u00fcn\u00fc ciltte en az 20 dakika bekle<\/li>\n<\/ol>\n<\/div>\n<h2 id=\"fondoten-ile-kapatici-ve-pudra-uyumu\">Fond\u00f6ten ile Kapat\u0131c\u0131 ve Pudra Uyumu<\/h2>\n<p><img decoding=\"async\" class=\"aligncenter wp-image-41699 size-full lazyload\" data-src=\"https:\/\/www.hepsiburada.com\/hayatburada\/wp-content\/uploads\/2026\/09\/fondoten-ile-kapatici-ve-pudra-uyumu.jpg\" alt=\"\" width=\"1000\" height=\"563\" data-srcset=\"https:\/\/www.hepsiburada.com\/hayatburada\/wp-content\/uploads\/2026\/09\/fondoten-ile-kapatici-ve-pudra-uyumu.jpg 1000w, https:\/\/www.hepsiburada.com\/hayatburada\/wp-content\/uploads\/2026\/09\/fondoten-ile-kapatici-ve-pudra-uyumu-300x169.jpg 300w, https:\/\/www.hepsiburada.com\/hayatburada\/wp-content\/uploads\/2026\/09\/fondoten-ile-kapatici-ve-pudra-uyumu-768x432.jpg 768w\" data-sizes=\"(max-width: 1000px) 100vw, 1000px\" src=\"data:image\/svg+xml;base64,PHN2ZyB3aWR0aD0iMSIgaGVpZ2h0PSIxIiB4bWxucz0iaHR0cDovL3d3dy53My5vcmcvMjAwMC9zdmciPjwvc3ZnPg==\" style=\"--smush-placeholder-width: 1000px; --smush-placeholder-aspect-ratio: 1000\/563;\" \/><\/p>\n<div class=\"sc-content__block\">\n<p>Kapat\u0131c\u0131, pudra ve fond\u00f6ten ayn\u0131 alt ton ailesinden se\u00e7ildi\u011finde makyaj b\u00fct\u00fcnl\u00fckl\u00fc g\u00f6r\u00fcn\u00fcr; derinlik ise \u00fcr\u00fcne g\u00f6re farkl\u0131la\u015fabilir.<\/p>\n<h3>Kapat\u0131c\u0131 Ka\u00e7 Ton A\u00e7\u0131k Olmal\u0131?<\/h3>\n<p>G\u00f6z alt\u0131 kapat\u0131c\u0131s\u0131 fond\u00f6tenden bir ila iki ton a\u00e7\u0131k se\u00e7ilir; fazlas\u0131 ters etki yapar.<\/p>\n<ul>\n<li><strong>Bir ton a\u00e7\u0131k:<\/strong> Do\u011fal ayd\u0131nlatma<\/li>\n<li><strong>\u0130ki ton a\u00e7\u0131k:<\/strong> Belirgin morluklarda<\/li>\n<li><strong>\u00dc\u00e7 ton ve \u00fczeri:<\/strong> Gri halka riski ta\u015f\u0131r<\/li>\n<\/ul>\n<h3>Pudra Tonu Nas\u0131l Se\u00e7ilir?<\/h3>\n<p>Pudra tonu, fond\u00f6tenle ayn\u0131 derinlikte ya da transparan se\u00e7ilir; renkli pudralar kat \u00fcst\u00fcne kat geldi\u011finde toplam derinli\u011fi art\u0131r\u0131r.<\/p>\n<ul>\n<li><strong>\u015eeffaf pudra:<\/strong> En g\u00fcvenli se\u00e7enek<\/li>\n<li><strong>Renkli pudra:<\/strong> Fond\u00f6tenle ayn\u0131 ton olmal\u0131<\/li>\n<li><strong>A\u00e7\u0131k pudra:<\/strong> Fla\u015fta beyaz parlama riski ta\u015f\u0131r<\/li>\n<\/ul>\n<h3>Bronzer ve All\u0131k Uyumu<\/h3>\n<p>Bronzer, ten renginden iki tondan fazla koyu olmamal\u0131 ve alt tonla uyumlu ilerlemeli:<\/p>\n<ul>\n<li><strong>S\u0131cak alt ton:<\/strong> Alt\u0131n ve karamel bronzer, \u015feftali all\u0131k<\/li>\n<li><strong>So\u011fuk alt ton:<\/strong> N\u00f6tr-kahve bronzer, g\u00fcl kurusu all\u0131k<\/li>\n<li><strong>N\u00f6tr alt ton:<\/strong> \u0130ki y\u00f6nde de esneklik var<\/li>\n<\/ul>\n<\/div>\n<h2 id=\"fondoten-rengi-secerken-sik-yapilan-hatalar\">Fond\u00f6ten Rengi Se\u00e7erken S\u0131k Yap\u0131lan Hatalar<\/h2>\n<div class=\"sc-content__block\">\n<p>Fond\u00f6ten renk se\u00e7iminde en s\u0131k tekrarlanan d\u00f6rt hata:<\/p>\n<ol>\n<li>\u00dcr\u00fcn\u00fc elin \u00fcst\u00fcnde test etmek<\/li>\n<li>Ten renginden a\u00e7\u0131k ton tercih etmek<\/li>\n<li>Yapay \u0131\u015f\u0131k alt\u0131nda karar vermek<\/li>\n<li>Boyun tonunu hesaba katmamak<\/li>\n<\/ol>\n<h3>Elin \u00dcst\u00fcnde Test Etmek<\/h3>\n<p>Elin \u00fcst\u00fc daha fazla UV ald\u0131\u011f\u0131 i\u00e7in \u00e7o\u011fu ki\u015fide y\u00fczden koyu olabiliyor. Bu nedenle elde uyumlu g\u00f6r\u00fcnen bir ton, y\u00fczde koyu kalabiliyor.<\/p>\n<h3>Sadece A\u00e7\u0131k Ton Tercih Etmek<\/h3>\n<p>A\u00e7\u0131k ton, beklenenin aksine y\u00fcz\u00fc ayd\u0131nlatmak yerine d\u00fczle\u015ftirebiliyor. I\u015f\u0131\u011f\u0131 fazla yans\u0131tan bir katman, y\u00fcz hatlar\u0131n\u0131n derinli\u011fini azaltabiliyor. Ayd\u0131nl\u0131k g\u00f6r\u00fcn\u00fcm tondan de\u011fil dokudan gelir.<\/p>\n<h3>Yapay I\u015f\u0131k Alt\u0131nda Karar Vermek<\/h3>\n<p>Renk yans\u0131tma indisi d\u00fc\u015f\u00fck ayd\u0131nlatma pigmentleri oldu\u011fundan farkl\u0131 g\u00f6sterir. S\u0131cak \u0131\u015f\u0131k k\u0131rm\u0131z\u0131y\u0131 bast\u0131r\u0131r, so\u011fuk beyaz \u0131\u015f\u0131k sar\u0131y\u0131 azalt\u0131r.<\/p>\n<h3>Boyun Tonunu G\u00f6z Ard\u0131 Etmek<\/h3>\n<p>Y\u00fcz g\u00fcne\u015fe boyundan fazla maruz kald\u0131\u011f\u0131 i\u00e7in ikisi aras\u0131nda zamanla fark olu\u015fur. Yaln\u0131zca y\u00fcze bak\u0131larak se\u00e7ilen bir ton, \u00e7ene hatt\u0131nda g\u00f6r\u00fcn\u00fcr bir s\u0131n\u0131r b\u0131rakabiliyor.<\/p>\n<\/div>\n<h2 id=\"koyu-gelen-fondoten-rengi-nasil-acilir\">Koyu Gelen Fond\u00f6ten Rengi Nas\u0131l A\u00e7\u0131l\u0131r?<\/h2>\n<p><img decoding=\"async\" class=\"aligncenter wp-image-41703 size-full lazyload\" data-src=\"https:\/\/www.hepsiburada.com\/hayatburada\/wp-content\/uploads\/2026\/09\/koyu-gelen-fondoten-rengi-nasil-acilir.jpg\" alt=\"\" width=\"1000\" height=\"667\" data-srcset=\"https:\/\/www.hepsiburada.com\/hayatburada\/wp-content\/uploads\/2026\/09\/koyu-gelen-fondoten-rengi-nasil-acilir.jpg 1000w, https:\/\/www.hepsiburada.com\/hayatburada\/wp-content\/uploads\/2026\/09\/koyu-gelen-fondoten-rengi-nasil-acilir-300x200.jpg 300w, https:\/\/www.hepsiburada.com\/hayatburada\/wp-content\/uploads\/2026\/09\/koyu-gelen-fondoten-rengi-nasil-acilir-768x512.jpg 768w\" data-sizes=\"(max-width: 1000px) 100vw, 1000px\" src=\"data:image\/svg+xml;base64,PHN2ZyB3aWR0aD0iMSIgaGVpZ2h0PSIxIiB4bWxucz0iaHR0cDovL3d3dy53My5vcmcvMjAwMC9zdmciPjwvc3ZnPg==\" style=\"--smush-placeholder-width: 1000px; --smush-placeholder-aspect-ratio: 1000\/667;\" \/><\/p>\n<div class=\"sc-content__block\">\n<p>Koyu gelen bir fond\u00f6ten, a\u00e7\u0131k tonlu bir \u00fcr\u00fcnle veya nemlendiriciyle kar\u0131\u015ft\u0131r\u0131larak bir miktar a\u00e7\u0131labilir. Sonu\u00e7 ideal olmasa da \u00fcr\u00fcn kullan\u0131labilir hale gelir.<\/p>\n<ul>\n<li>Ayn\u0131 form\u00fcl ailesinden a\u00e7\u0131k bir fond\u00f6tenle kar\u0131\u015ft\u0131r<\/li>\n<li>Nemlendiriciyle inceltip renkli nemlendiriciye d\u00f6n\u00fc\u015ft\u00fcr<\/li>\n<li>Yaz\u0131n kullanmak \u00fczere sakla, derinlik fark\u0131 kapanabilir<\/li>\n<li>Kontur ya da y\u00fcz kenarlar\u0131nda g\u00f6lge ama\u00e7l\u0131 de\u011ferlendir<\/li>\n<\/ul>\n<p>Beyaz pigment eklemek genellikle \u00f6nerilmez; titanyum dioksit oran\u0131 artt\u0131k\u00e7a ton a\u00e7\u0131lmak yerine grimsi bir y\u00f6ne kayabiliyor.<\/p>\n<\/div>\n<h2 id=\"ozet-dogru-fondoten-tonu-icin-kisa-rehber\">\u00d6zet: Do\u011fru Fond\u00f6ten Tonu i\u00e7in K\u0131sa Rehber<\/h2>\n<div class=\"sc-content__block\">\n<p>Fond\u00f6ten se\u00e7imi i\u00e7in be\u015f ad\u0131ml\u0131k bir \u00f6zet rehber sunabilirim:<\/p>\n<ol>\n<li>Ten derinli\u011fini g\u00fcne\u015f g\u00f6rmeyen bir b\u00f6lgeden belirle<\/li>\n<li>Alt tonunu en az \u00fc\u00e7 testle do\u011frula<\/li>\n<li>Marka kodunu harf ve say\u0131 olarak oku<\/li>\n<li>\u00dc\u00e7 yak\u0131n tonu \u00e7ene hatt\u0131nda dene<\/li>\n<li>Karar\u0131 g\u00fcn \u0131\u015f\u0131\u011f\u0131nda ve 20 dakika sonra ver<\/li>\n<\/ol>\n<p>Kim i\u00e7in hangi yakla\u015f\u0131m daha uygun:<\/p>\n<ul>\n<li><strong>\u0130lk kez alacaklar:<\/strong> N\u00f6tr alt tonlu, orta kapsamal\u0131 bir \u00fcr\u00fcnle ba\u015fla<\/li>\n<li><strong>\u0130ki ton aras\u0131nda kalanlar:<\/strong> Ondal\u0131kl\u0131 kod sunan serileri tercih et<\/li>\n<li><strong>Online al\u0131\u015fveri\u015f yapanlar:<\/strong> Elindeki \u00fcr\u00fcn\u00fc referans alarak kar\u015f\u0131la\u015ft\u0131r<\/li>\n<li><strong>Hediye alacaklar:<\/strong> Renk yerine ton ayarlanabilen \u00fcr\u00fcnlere y\u00f6nel<\/li>\n<\/ul>\n<p>Fond\u00f6ten fiyatlar\u0131 marka, form\u00fcl ve seriye g\u00f6re geni\u015f bir aral\u0131kta de\u011fi\u015febiliyor. Pigment kalitesi, ton skalas\u0131n\u0131n geni\u015fli\u011fi ve film olu\u015fturucu teknolojisi bu fark\u0131 etkileyen de\u011fi\u015fkenler aras\u0131nda say\u0131labilir.<\/p>\n<p>Se\u00e7im yaparken \u00f6nce \u00fcr\u00fcn listesine de\u011fil, cildinin hangi de\u011fi\u015fkende zorland\u0131\u011f\u0131na bakman\u0131 \u00f6neriyorum. Alt tonunu netle\u015ftiremiyorsan \u00f6ncelikli kriter genellikle geni\u015f bir n\u00f6tr kod ailesi sunan seriler oluyor; yaz-k\u0131\u015f fark\u0131 ya\u015f\u0131yorsan ondal\u0131kl\u0131 kodlama kullanan seriler daha esnek bir alan b\u0131rakabiliyor. En iyi fond\u00f6ten aray\u0131\u015f\u0131nda tek bir \u00fcr\u00fcn ismi aramak yerine alt tonuna kar\u015f\u0131l\u0131k gelen kod ailesini listelemek daha verimli. Bir fond\u00f6ten \u00f6nerisi de\u011ferlendirirken de &#8220;kim i\u00e7in iyi&#8221; sorusu, &#8220;en iyi&#8221; etiketinden daha g\u00fcvenilir bir filtre sa\u011fl\u0131yor.<\/p>\n<\/div>\n<h2 id=\"fondoten-rengi-secimi-hakkinda-sikca-sorulan-sorular\">Fond\u00f6ten Rengi Se\u00e7imi Hakk\u0131nda S\u0131k\u00e7a Sorulan Sorular<\/h2>\n<p><img decoding=\"async\" class=\"aligncenter wp-image-41708 size-full lazyload\" data-src=\"https:\/\/www.hepsiburada.com\/hayatburada\/wp-content\/uploads\/2026\/09\/fondoten-rengi-secimi-hakkinda-sikca-sorulan-sorular.jpg\" alt=\"\" width=\"1000\" height=\"560\" data-srcset=\"https:\/\/www.hepsiburada.com\/hayatburada\/wp-content\/uploads\/2026\/09\/fondoten-rengi-secimi-hakkinda-sikca-sorulan-sorular.jpg 1000w, https:\/\/www.hepsiburada.com\/hayatburada\/wp-content\/uploads\/2026\/09\/fondoten-rengi-secimi-hakkinda-sikca-sorulan-sorular-300x168.jpg 300w, https:\/\/www.hepsiburada.com\/hayatburada\/wp-content\/uploads\/2026\/09\/fondoten-rengi-secimi-hakkinda-sikca-sorulan-sorular-768x430.jpg 768w\" data-sizes=\"(max-width: 1000px) 100vw, 1000px\" src=\"data:image\/svg+xml;base64,PHN2ZyB3aWR0aD0iMSIgaGVpZ2h0PSIxIiB4bWxucz0iaHR0cDovL3d3dy53My5vcmcvMjAwMC9zdmciPjwvc3ZnPg==\" style=\"--smush-placeholder-width: 1000px; --smush-placeholder-aspect-ratio: 1000\/560;\" \/><\/p>\n<div class=\"sc-content__block\">\n<div class=\"sc-content__faq\">\n<h3 class=\"sc-content__faq-title\">Alt Ton Nas\u0131l Anla\u015f\u0131l\u0131r?<\/h3>\n<div class=\"sc-content__faq-description\">\n<p>G\u00fcn \u0131\u015f\u0131\u011f\u0131nda damar rengi, tak\u0131 uyumu, beyaz ka\u011f\u0131t ve g\u00fcne\u015fte ten tepkisi olmak \u00fczere d\u00f6rt test kullan\u0131l\u0131r. En az \u00fc\u00e7\u00fcn\u00fcn ayn\u0131 y\u00f6n\u00fc g\u00f6stermesi sonucu g\u00fcvenilir k\u0131lar.<\/p>\n<\/div>\n<\/div>\n<div class=\"sc-content__faq\">\n<h3 class=\"sc-content__faq-title\">Fond\u00f6ten Hangi B\u00f6lgede Test Edilmeli?<\/h3>\n<div class=\"sc-content__faq-description\">\n<p>\u00c7ene hatt\u0131nda test edilmesi \u00f6nerilir. Bu b\u00f6lge y\u00fcz ve boyun rengini ayn\u0131 anda g\u00f6sterir. El \u00fcst\u00fc ve yanak, renk fark\u0131 ve k\u0131zar\u0131kl\u0131k nedeniyle yan\u0131lt\u0131c\u0131 sonu\u00e7 verebiliyor.<\/p>\n<\/div>\n<\/div>\n<div class=\"sc-content__faq\">\n<h3 class=\"sc-content__faq-title\">Fond\u00f6ten Bir Ton A\u00e7\u0131k m\u0131 yoksa Koyu mu Al\u0131nmal\u0131?<\/h3>\n<div class=\"sc-content__faq-description\">\n<p>\u0130ki ton aras\u0131nda kald\u0131ysan koyu olan\u0131 se\u00e7mek daha g\u00fcvenli. Koyu ton nemlendirici veya a\u00e7\u0131k bir \u00fcr\u00fcnle dengelenebilir; fazla a\u00e7\u0131k bir ton ise ciltte gri bir izlenim olu\u015fturabilir.<\/p>\n<\/div>\n<\/div>\n<div class=\"sc-content__faq\">\n<h3 class=\"sc-content__faq-title\">Fond\u00f6ten Renk Kodlar\u0131ndaki N, W ve C Ne Anlama Gelir?<\/h3>\n<div class=\"sc-content__faq-description\">\n<p>N n\u00f6tr, W s\u0131cak (warm), C ise so\u011fuk (cool) alt tonu ifade eder. Yan\u0131ndaki say\u0131 ten derinli\u011fini g\u00f6sterir; k\u00fc\u00e7\u00fck say\u0131 daha a\u00e7\u0131k tondur.<\/p>\n<\/div>\n<\/div>\n<div class=\"sc-content__faq\">\n<h3 class=\"sc-content__faq-title\">Yaz\u0131n ve K\u0131\u015f\u0131n Farkl\u0131 Fond\u00f6ten Tonu Kullanmak Gerekir mi?<\/h3>\n<div class=\"sc-content__faq-description\">\n<p>\u00c7o\u011fu ki\u015fide gerekiyor. UV maruziyeti melanin \u00fcretimini art\u0131rd\u0131\u011f\u0131 i\u00e7in yaz ve k\u0131\u015f aras\u0131nda bir ila iki tonluk fark olu\u015fabiliyor. Alt ton de\u011fi\u015fmedi\u011finden yaln\u0131zca derinli\u011fi ayarlamak yeterli.<\/p>\n<\/div>\n<\/div>\n<div class=\"sc-content__faq\">\n<h3 class=\"sc-content__faq-title\">Fond\u00f6ten Neden Zamanla Koyula\u015fm\u0131\u015f G\u00f6r\u00fcn\u00fcr?<\/h3>\n<div class=\"sc-content__faq-description\">\n<p>U\u00e7ucu bile\u015fenler buharla\u015ft\u0131k\u00e7a pigment yo\u011funlu\u011fu artar, sebum ise \u00fcr\u00fcn filmini \u0131slatarak \u0131\u015f\u0131k yans\u0131mas\u0131n\u0131 de\u011fi\u015ftirir. De\u011fi\u015fim \u00e7o\u011funlukla kimyasal de\u011fil, optik bir etki.<\/p>\n<\/div>\n<\/div>\n<div class=\"sc-content__faq\">\n<h3 class=\"sc-content__faq-title\">Yanl\u0131\u015f Tonda Al\u0131nan Fond\u00f6ten Nas\u0131l Kullan\u0131labilir?<\/h3>\n<div class=\"sc-content__faq-description\">\n<p>Koyu kalan \u00fcr\u00fcn nemlendiriciyle inceltilebilir veya kontur ama\u00e7l\u0131 kullan\u0131labilir. A\u00e7\u0131k kalan \u00fcr\u00fcn g\u00f6z alt\u0131 b\u00f6lgesinde ya da koyu bir \u00fcr\u00fcnle kar\u0131\u015ft\u0131r\u0131larak de\u011ferlendirilebilir.<\/p>\n<\/div>\n<\/div>\n<div class=\"sc-content__faq\">\n<h3 class=\"sc-content__faq-title\">Kapat\u0131c\u0131 Fond\u00f6tenden Ka\u00e7 Ton A\u00e7\u0131k Olmal\u0131?<\/h3>\n<div class=\"sc-content__faq-description\">\n<p>G\u00f6z alt\u0131nda bir ila iki ton a\u00e7\u0131k olmal\u0131. K\u0131zar\u0131kl\u0131k ve leke kapatmada ise fond\u00f6tenle ayn\u0131 ton tercih edilmeli; a\u00e7\u0131k kapat\u0131c\u0131 lekeyi gizlemek yerine belirginle\u015ftirir.<\/p>\n<\/div>\n<\/div>\n<blockquote><p><em>Fond\u00f6ten rengi se\u00e7imi tek bir kurala de\u011fil; ten derinli\u011fi, alt ton, form\u00fcl yap\u0131s\u0131 ve kullan\u0131m ortam\u0131 gibi birbirini tamamlayan de\u011fi\u015fkenlere ba\u011fl\u0131. Hepsiburada&#8217;daki <a href=\"https:\/\/www.hepsiburada.com\/fondotenler-c-32010995\">fond\u00f6ten<\/a> \u00e7e\u015fitlerini inceleyerek alt tonuna en uygun se\u00e7ene\u011fi g\u00fcvenle ke\u015ffedebilirsin.<\/em><\/p><\/blockquote>\n<p><em><strong>Bilgilendirme metni:<\/strong> Bu yaz\u0131 reklam i\u00e7ermektedir. Sat\u0131n alma \u00f6ncesinde \u00fcr\u00fcn sayfalar\u0131ndaki g\u00fcncel \u00f6zellikleri incelemeni \u00f6neririz. \u0130\u00e7erik yaln\u0131zca bilgilendirme amac\u0131yla haz\u0131rlanm\u0131\u015ft\u0131r ve t\u0131bbi, dermatolojik ya da ki\u015fiye \u00f6zel bir tavsiye niteli\u011fi ta\u015f\u0131maz. Ciltte hassasiyet, alerji ya da devam eden bir cilt rahats\u0131zl\u0131\u011f\u0131 s\u00f6z konusuysa \u00fcr\u00fcn se\u00e7imi \u00f6ncesinde bir uzmana dan\u0131\u015f\u0131lmas\u0131 \u00f6nerilir.<\/em><\/p>\n<\/div>\n<\/div>\n<\/div>\n","protected":false},"excerpt":{"rendered":"<p>Fond\u00f6ten Rengi Neden Do\u011fru Se\u00e7ilmeli? Alt Ton Nas\u0131l Belirlenir? Fond\u00f6ten Renk Kodlar\u0131 Nas\u0131l Okunur? Fond\u00f6ten Tonu Nas\u0131l Test Edilir? Mevsime [&hellip;]<\/p>\n","protected":false},"author":13,"featured_media":41702,"comment_status":"closed","ping_status":"open","sticky":false,"template":"","format":"standard","meta":{"footnotes":""},"categories":[1],"tags":[],"class_list":["post-41706","post","type-post","status-publish","format-standard","has-post-thumbnail","hentry","category-genel"],"yoast_head":"<!-- This site is optimized with the Yoast SEO Premium plugin v26.8 (Yoast SEO v28.4) - https:\/\/yoast.com\/product\/yoast-seo-premium-wordpress\/ -->\n<title>Fond\u00f6ten Rengi Nas\u0131l Se\u00e7ilir? - Hayatburada<\/title>\n<meta name=\"robots\" content=\"index, follow, max-snippet:-1, max-image-preview:large, max-video-preview:-1\" \/>\n<link rel=\"canonical\" href=\"https:\/\/www.hepsiburada.com\/hayatburada\/fondoten-rengi-nasil-secilir\/\" \/>\n<meta property=\"og:locale\" content=\"tr_TR\" \/>\n<meta property=\"og:type\" content=\"article\" \/>\n<meta property=\"og:title\" content=\"Fond\u00f6ten Rengi Nas\u0131l Se\u00e7ilir?\" \/>\n<meta property=\"og:description\" content=\"Fond\u00f6ten Rengi Neden Do\u011fru Se\u00e7ilmeli? Alt Ton Nas\u0131l Belirlenir? Fond\u00f6ten Renk Kodlar\u0131 Nas\u0131l Okunur? Fond\u00f6ten Tonu Nas\u0131l Test Edilir? Mevsime G\u00f6re Fond\u00f6ten\" \/>\n<meta property=\"og:url\" content=\"https:\/\/www.hepsiburada.com\/hayatburada\/fondoten-rengi-nasil-secilir\/\" \/>\n<meta property=\"og:site_name\" content=\"Hayatburada\" \/>\n<meta property=\"article:published_time\" content=\"2026-09-02T14:47:23+00:00\" \/>\n<meta property=\"article:modified_time\" content=\"2026-09-02T14:52:32+00:00\" \/>\n<meta property=\"og:image\" content=\"https:\/\/www.hepsiburada.com\/hayatburada\/wp-content\/uploads\/2026\/09\/fondoten-secimi.jpg\" \/>\n\t<meta property=\"og:image:width\" content=\"1000\" \/>\n\t<meta property=\"og:image:height\" content=\"570\" \/>\n\t<meta property=\"og:image:type\" content=\"image\/jpeg\" \/>\n<meta name=\"author\" content=\"Ecem Tatl\u0131dil\" \/>\n<meta name=\"twitter:card\" content=\"summary_large_image\" \/>\n<meta name=\"twitter:label1\" content=\"Yazan:\" \/>\n\t<meta name=\"twitter:data1\" content=\"Ecem Tatl\u0131dil\" \/>\n\t<meta name=\"twitter:label2\" content=\"Tahmini okuma s\u00fcresi\" \/>\n\t<meta name=\"twitter:data2\" content=\"19 dakika\" \/>\n<script type=\"application\/ld+json\" class=\"yoast-schema-graph\">{\"@context\":\"https:\\\/\\\/schema.org\",\"@graph\":[{\"@type\":\"Article\",\"@id\":\"https:\\\/\\\/www.hepsiburada.com\\\/hayatburada\\\/fondoten-rengi-nasil-secilir\\\/#article\",\"isPartOf\":{\"@id\":\"https:\\\/\\\/www.hepsiburada.com\\\/hayatburada\\\/fondoten-rengi-nasil-secilir\\\/\"},\"author\":{\"name\":\"Ecem Tatl\u0131dil\",\"@id\":\"https:\\\/\\\/www.hepsiburada.com\\\/hayatburada\\\/#\\\/schema\\\/person\\\/f9e97b51a5f5fec332cba46c2ebbdefe\"},\"headline\":\"Fond\u00f6ten Rengi Nas\u0131l Se\u00e7ilir?\",\"datePublished\":\"2026-09-02T14:47:23+00:00\",\"dateModified\":\"2026-09-02T14:52:32+00:00\",\"mainEntityOfPage\":{\"@id\":\"https:\\\/\\\/www.hepsiburada.com\\\/hayatburada\\\/fondoten-rengi-nasil-secilir\\\/\"},\"wordCount\":3734,\"image\":{\"@id\":\"https:\\\/\\\/www.hepsiburada.com\\\/hayatburada\\\/fondoten-rengi-nasil-secilir\\\/#primaryimage\"},\"thumbnailUrl\":\"https:\\\/\\\/www.hepsiburada.com\\\/hayatburada\\\/wp-content\\\/uploads\\\/2026\\\/09\\\/fondoten-secimi.jpg\",\"inLanguage\":\"tr\"},{\"@type\":\"WebPage\",\"@id\":\"https:\\\/\\\/www.hepsiburada.com\\\/hayatburada\\\/fondoten-rengi-nasil-secilir\\\/\",\"url\":\"https:\\\/\\\/www.hepsiburada.com\\\/hayatburada\\\/fondoten-rengi-nasil-secilir\\\/\",\"name\":\"Fond\u00f6ten Rengi Nas\u0131l Se\u00e7ilir? - Hayatburada\",\"isPartOf\":{\"@id\":\"https:\\\/\\\/www.hepsiburada.com\\\/hayatburada\\\/#website\"},\"primaryImageOfPage\":{\"@id\":\"https:\\\/\\\/www.hepsiburada.com\\\/hayatburada\\\/fondoten-rengi-nasil-secilir\\\/#primaryimage\"},\"image\":{\"@id\":\"https:\\\/\\\/www.hepsiburada.com\\\/hayatburada\\\/fondoten-rengi-nasil-secilir\\\/#primaryimage\"},\"thumbnailUrl\":\"https:\\\/\\\/www.hepsiburada.com\\\/hayatburada\\\/wp-content\\\/uploads\\\/2026\\\/09\\\/fondoten-secimi.jpg\",\"datePublished\":\"2026-09-02T14:47:23+00:00\",\"dateModified\":\"2026-09-02T14:52:32+00:00\",\"author\":{\"@id\":\"https:\\\/\\\/www.hepsiburada.com\\\/hayatburada\\\/#\\\/schema\\\/person\\\/f9e97b51a5f5fec332cba46c2ebbdefe\"},\"breadcrumb\":{\"@id\":\"https:\\\/\\\/www.hepsiburada.com\\\/hayatburada\\\/fondoten-rengi-nasil-secilir\\\/#breadcrumb\"},\"inLanguage\":\"tr\",\"potentialAction\":[{\"@type\":\"ReadAction\",\"target\":[\"https:\\\/\\\/www.hepsiburada.com\\\/hayatburada\\\/fondoten-rengi-nasil-secilir\\\/\"]}]},{\"@type\":\"ImageObject\",\"inLanguage\":\"tr\",\"@id\":\"https:\\\/\\\/www.hepsiburada.com\\\/hayatburada\\\/fondoten-rengi-nasil-secilir\\\/#primaryimage\",\"url\":\"https:\\\/\\\/www.hepsiburada.com\\\/hayatburada\\\/wp-content\\\/uploads\\\/2026\\\/09\\\/fondoten-secimi.jpg\",\"contentUrl\":\"https:\\\/\\\/www.hepsiburada.com\\\/hayatburada\\\/wp-content\\\/uploads\\\/2026\\\/09\\\/fondoten-secimi.jpg\",\"width\":1000,\"height\":570,\"caption\":\"Fond\u00f6ten Rengi Nas\u0131l Se\u00e7ilir? Ton Rehberi - Hayatburada\"},{\"@type\":\"BreadcrumbList\",\"@id\":\"https:\\\/\\\/www.hepsiburada.com\\\/hayatburada\\\/fondoten-rengi-nasil-secilir\\\/#breadcrumb\",\"itemListElement\":[{\"@type\":\"ListItem\",\"position\":1,\"name\":\"Anasayfa\",\"item\":\"https:\\\/\\\/www.hepsiburada.com\\\/hayatburada\\\/\"},{\"@type\":\"ListItem\",\"position\":2,\"name\":\"Fond\u00f6ten Rengi Nas\u0131l Se\u00e7ilir?\"}]},{\"@type\":\"WebSite\",\"@id\":\"https:\\\/\\\/www.hepsiburada.com\\\/hayatburada\\\/#website\",\"url\":\"https:\\\/\\\/www.hepsiburada.com\\\/hayatburada\\\/\",\"name\":\"Hayatburada\",\"description\":\"\",\"potentialAction\":[{\"@type\":\"SearchAction\",\"target\":{\"@type\":\"EntryPoint\",\"urlTemplate\":\"https:\\\/\\\/www.hepsiburada.com\\\/hayatburada\\\/?s={search_term_string}\"},\"query-input\":{\"@type\":\"PropertyValueSpecification\",\"valueRequired\":true,\"valueName\":\"search_term_string\"}}],\"inLanguage\":\"tr\"},{\"@type\":\"Person\",\"@id\":\"https:\\\/\\\/www.hepsiburada.com\\\/hayatburada\\\/#\\\/schema\\\/person\\\/f9e97b51a5f5fec332cba46c2ebbdefe\",\"name\":\"Ecem Tatl\u0131dil\",\"image\":{\"@type\":\"ImageObject\",\"inLanguage\":\"tr\",\"@id\":\"https:\\\/\\\/secure.gravatar.com\\\/avatar\\\/578504701088a3f9262237d49f5e7ff067a5887206f7be4df41d4a675649d1cc?s=96&d=mm&r=g\",\"url\":\"https:\\\/\\\/secure.gravatar.com\\\/avatar\\\/578504701088a3f9262237d49f5e7ff067a5887206f7be4df41d4a675649d1cc?s=96&d=mm&r=g\",\"contentUrl\":\"https:\\\/\\\/secure.gravatar.com\\\/avatar\\\/578504701088a3f9262237d49f5e7ff067a5887206f7be4df41d4a675649d1cc?s=96&d=mm&r=g\",\"caption\":\"Ecem Tatl\u0131dil\"},\"description\":\"Kimya lisans mezunu. Kozmetik ve ila\u00e7 sekt\u00f6r\u00fcnde 4 y\u0131ld\u0131r aktif olarak \u00fcr\u00fcn geli\u015ftirme\\\/sekt\u00f6rel s\u00fcre\u00e7lerde \u00e7al\u0131\u015fmakta olup, cilt bak\u0131m\u0131 ve kozmetik form\u00fclasyonlar\u0131 \u00fczerine akademik ara\u015ft\u0131rma tezleri mevcut.\",\"sameAs\":[\"https:\\\/\\\/www.linkedin.com\\\/in\\\/ecem-tatldil-5978431ab\\\/\"],\"knowsAbout\":[\"Kozmetik\"],\"url\":\"https:\\\/\\\/www.hepsiburada.com\\\/hayatburada\\\/author\\\/ecemtatlidil\\\/\"}]}<\/script>\n<!-- \/ Yoast SEO Premium plugin. -->","yoast_head_json":{"title":"Fond\u00f6ten Rengi Nas\u0131l Se\u00e7ilir? - Hayatburada","robots":{"index":"index","follow":"follow","max-snippet":"max-snippet:-1","max-image-preview":"max-image-preview:large","max-video-preview":"max-video-preview:-1"},"canonical":"https:\/\/www.hepsiburada.com\/hayatburada\/fondoten-rengi-nasil-secilir\/","og_locale":"tr_TR","og_type":"article","og_title":"Fond\u00f6ten Rengi Nas\u0131l Se\u00e7ilir?","og_description":"Fond\u00f6ten Rengi Neden Do\u011fru Se\u00e7ilmeli? Alt Ton Nas\u0131l Belirlenir? Fond\u00f6ten Renk Kodlar\u0131 Nas\u0131l Okunur? Fond\u00f6ten Tonu Nas\u0131l Test Edilir? Mevsime G\u00f6re Fond\u00f6ten","og_url":"https:\/\/www.hepsiburada.com\/hayatburada\/fondoten-rengi-nasil-secilir\/","og_site_name":"Hayatburada","article_published_time":"2026-09-02T14:47:23+00:00","article_modified_time":"2026-09-02T14:52:32+00:00","og_image":[{"width":1000,"height":570,"url":"https:\/\/www.hepsiburada.com\/hayatburada\/wp-content\/uploads\/2026\/09\/fondoten-secimi.jpg","type":"image\/jpeg"}],"author":"Ecem Tatl\u0131dil","twitter_card":"summary_large_image","twitter_misc":{"Yazan:":"Ecem Tatl\u0131dil","Tahmini okuma s\u00fcresi":"19 dakika"},"schema":{"@context":"https:\/\/schema.org","@graph":[{"@type":"Article","@id":"https:\/\/www.hepsiburada.com\/hayatburada\/fondoten-rengi-nasil-secilir\/#article","isPartOf":{"@id":"https:\/\/www.hepsiburada.com\/hayatburada\/fondoten-rengi-nasil-secilir\/"},"author":{"name":"Ecem Tatl\u0131dil","@id":"https:\/\/www.hepsiburada.com\/hayatburada\/#\/schema\/person\/f9e97b51a5f5fec332cba46c2ebbdefe"},"headline":"Fond\u00f6ten Rengi Nas\u0131l Se\u00e7ilir?","datePublished":"2026-09-02T14:47:23+00:00","dateModified":"2026-09-02T14:52:32+00:00","mainEntityOfPage":{"@id":"https:\/\/www.hepsiburada.com\/hayatburada\/fondoten-rengi-nasil-secilir\/"},"wordCount":3734,"image":{"@id":"https:\/\/www.hepsiburada.com\/hayatburada\/fondoten-rengi-nasil-secilir\/#primaryimage"},"thumbnailUrl":"https:\/\/www.hepsiburada.com\/hayatburada\/wp-content\/uploads\/2026\/09\/fondoten-secimi.jpg","inLanguage":"tr"},{"@type":"WebPage","@id":"https:\/\/www.hepsiburada.com\/hayatburada\/fondoten-rengi-nasil-secilir\/","url":"https:\/\/www.hepsiburada.com\/hayatburada\/fondoten-rengi-nasil-secilir\/","name":"Fond\u00f6ten Rengi Nas\u0131l Se\u00e7ilir? - Hayatburada","isPartOf":{"@id":"https:\/\/www.hepsiburada.com\/hayatburada\/#website"},"primaryImageOfPage":{"@id":"https:\/\/www.hepsiburada.com\/hayatburada\/fondoten-rengi-nasil-secilir\/#primaryimage"},"image":{"@id":"https:\/\/www.hepsiburada.com\/hayatburada\/fondoten-rengi-nasil-secilir\/#primaryimage"},"thumbnailUrl":"https:\/\/www.hepsiburada.com\/hayatburada\/wp-content\/uploads\/2026\/09\/fondoten-secimi.jpg","datePublished":"2026-09-02T14:47:23+00:00","dateModified":"2026-09-02T14:52:32+00:00","author":{"@id":"https:\/\/www.hepsiburada.com\/hayatburada\/#\/schema\/person\/f9e97b51a5f5fec332cba46c2ebbdefe"},"breadcrumb":{"@id":"https:\/\/www.hepsiburada.com\/hayatburada\/fondoten-rengi-nasil-secilir\/#breadcrumb"},"inLanguage":"tr","potentialAction":[{"@type":"ReadAction","target":["https:\/\/www.hepsiburada.com\/hayatburada\/fondoten-rengi-nasil-secilir\/"]}]},{"@type":"ImageObject","inLanguage":"tr","@id":"https:\/\/www.hepsiburada.com\/hayatburada\/fondoten-rengi-nasil-secilir\/#primaryimage","url":"https:\/\/www.hepsiburada.com\/hayatburada\/wp-content\/uploads\/2026\/09\/fondoten-secimi.jpg","contentUrl":"https:\/\/www.hepsiburada.com\/hayatburada\/wp-content\/uploads\/2026\/09\/fondoten-secimi.jpg","width":1000,"height":570,"caption":"Fond\u00f6ten Rengi Nas\u0131l Se\u00e7ilir? Ton Rehberi - Hayatburada"},{"@type":"BreadcrumbList","@id":"https:\/\/www.hepsiburada.com\/hayatburada\/fondoten-rengi-nasil-secilir\/#breadcrumb","itemListElement":[{"@type":"ListItem","position":1,"name":"Anasayfa","item":"https:\/\/www.hepsiburada.com\/hayatburada\/"},{"@type":"ListItem","position":2,"name":"Fond\u00f6ten Rengi Nas\u0131l Se\u00e7ilir?"}]},{"@type":"WebSite","@id":"https:\/\/www.hepsiburada.com\/hayatburada\/#website","url":"https:\/\/www.hepsiburada.com\/hayatburada\/","name":"Hayatburada","description":"","potentialAction":[{"@type":"SearchAction","target":{"@type":"EntryPoint","urlTemplate":"https:\/\/www.hepsiburada.com\/hayatburada\/?s={search_term_string}"},"query-input":{"@type":"PropertyValueSpecification","valueRequired":true,"valueName":"search_term_string"}}],"inLanguage":"tr"},{"@type":"Person","@id":"https:\/\/www.hepsiburada.com\/hayatburada\/#\/schema\/person\/f9e97b51a5f5fec332cba46c2ebbdefe","name":"Ecem Tatl\u0131dil","image":{"@type":"ImageObject","inLanguage":"tr","@id":"https:\/\/secure.gravatar.com\/avatar\/578504701088a3f9262237d49f5e7ff067a5887206f7be4df41d4a675649d1cc?s=96&d=mm&r=g","url":"https:\/\/secure.gravatar.com\/avatar\/578504701088a3f9262237d49f5e7ff067a5887206f7be4df41d4a675649d1cc?s=96&d=mm&r=g","contentUrl":"https:\/\/secure.gravatar.com\/avatar\/578504701088a3f9262237d49f5e7ff067a5887206f7be4df41d4a675649d1cc?s=96&d=mm&r=g","caption":"Ecem Tatl\u0131dil"},"description":"Kimya lisans mezunu. Kozmetik ve ila\u00e7 sekt\u00f6r\u00fcnde 4 y\u0131ld\u0131r aktif olarak \u00fcr\u00fcn geli\u015ftirme\/sekt\u00f6rel s\u00fcre\u00e7lerde \u00e7al\u0131\u015fmakta olup, cilt bak\u0131m\u0131 ve kozmetik form\u00fclasyonlar\u0131 \u00fczerine akademik ara\u015ft\u0131rma tezleri mevcut.","sameAs":["https:\/\/www.linkedin.com\/in\/ecem-tatldil-5978431ab\/"],"knowsAbout":["Kozmetik"],"url":"https:\/\/www.hepsiburada.com\/hayatburada\/author\/ecemtatlidil\/"}]}},"_links":{"self":[{"href":"https:\/\/www.hepsiburada.com\/hayatburada\/wp-json\/wp\/v2\/posts\/41706","targetHints":{"allow":["GET"]}}],"collection":[{"href":"https:\/\/www.hepsiburada.com\/hayatburada\/wp-json\/wp\/v2\/posts"}],"about":[{"href":"https:\/\/www.hepsiburada.com\/hayatburada\/wp-json\/wp\/v2\/types\/post"}],"author":[{"embeddable":true,"href":"https:\/\/www.hepsiburada.com\/hayatburada\/wp-json\/wp\/v2\/users\/13"}],"replies":[{"embeddable":true,"href":"https:\/\/www.hepsiburada.com\/hayatburada\/wp-json\/wp\/v2\/comments?post=41706"}],"version-history":[{"count":5,"href":"https:\/\/www.hepsiburada.com\/hayatburada\/wp-json\/wp\/v2\/posts\/41706\/revisions"}],"predecessor-version":[{"id":41712,"href":"https:\/\/www.hepsiburada.com\/hayatburada\/wp-json\/wp\/v2\/posts\/41706\/revisions\/41712"}],"wp:featuredmedia":[{"embeddable":true,"href":"https:\/\/www.hepsiburada.com\/hayatburada\/wp-json\/wp\/v2\/media\/41702"}],"wp:attachment":[{"href":"https:\/\/www.hepsiburada.com\/hayatburada\/wp-json\/wp\/v2\/media?parent=41706"}],"wp:term":[{"taxonomy":"category","embeddable":true,"href":"https:\/\/www.hepsiburada.com\/hayatburada\/wp-json\/wp\/v2\/categories?post=41706"},{"taxonomy":"post_tag","embeddable":true,"href":"https:\/\/www.hepsiburada.com\/hayatburada\/wp-json\/wp\/v2\/tags?post=41706"}],"curies":[{"name":"wp","href":"https:\/\/api.w.org\/{rel}","templated":true}]}}